{"id":102553,"date":"2025-10-08T19:45:31","date_gmt":"2025-10-08T19:45:31","guid":{"rendered":"https:\/\/www.europesays.com\/pt\/102553\/"},"modified":"2025-10-08T19:45:31","modified_gmt":"2025-10-08T19:45:31","slug":"melhores-ferramentas-de-ia-em-2025","status":"publish","type":"post","link":"https:\/\/www.europesays.com\/pt\/102553\/","title":{"rendered":"melhores ferramentas de IA em 2025"},"content":{"rendered":"<p>Converter texto em fala com IA \u00e9 essencial em 2025. Explore as melhores ferramentas para narrar artigos, v\u00eddeos e podcasts com rapidez e efici\u00eancia.<\/p>\n<p><a target=\"_blank\" href=\"https:\/\/pplware.sapo.pt\/wp-content\/uploads\/2025\/10\/converter-texto-em-fala_conteudo_capa.jpg\" onclick=\"refreshIframe()\" class=\"foobox\" rel=\"nofollow noopener\"><img fetchpriority=\"high\" decoding=\"async\" src=\"https:\/\/www.europesays.com\/pt\/wp-content\/uploads\/2025\/10\/converter-texto-em-fala_conteudo_capa-720x405.jpg\" alt=\"Mulher em frente a um desktop a explorar conte\u00fado\" width=\"720\" height=\"405\" class=\"aligncenter wp-image-1082235 size-medium\"  \/><\/a>\n<\/p>\n<p>Em 2025, converter texto em fala tornou-se um passo essencial para criadores que querem dar nova vida a artigos, v\u00eddeos e podcasts. A narra\u00e7\u00e3o em \u00e1udio deixou de ser um luxo e passou a ser um multiplicador de alcance, capaz de transformar conte\u00fados escritos em experi\u00eancias imersivas e acess\u00edveis.<\/p>\n<p>Para isso, \u00e9 preciso escolher bem: um motor TTS fi\u00e1vel, que garanta vozes naturais, e ferramentas de apoio que simplifiquem edi\u00e7\u00e3o, limpeza e exporta\u00e7\u00e3o. Neste guia, reunimos as melhores op\u00e7\u00f5es para fluxos produtivos.<\/p>\n<p><a target=\"_blank\" href=\"https:\/\/pplware.sapo.pt\/wp-content\/uploads\/2023\/09\/chrome-extensoes-texto-audio.jpg\" onclick=\"refreshIframe()\" class=\"foobox\" rel=\"nofollow noopener\"><img loading=\"lazy\" decoding=\"async\" src=\"https:\/\/www.europesays.com\/pt\/wp-content\/uploads\/2025\/10\/chrome-extensoes-texto-audio-720x405.jpg\" alt=\"\" width=\"720\" height=\"405\" class=\"aligncenter size-medium wp-image-943582\"  \/><\/a><\/p>\n<p>Como escolher um fluxo para converter texto em fala?<\/p>\n<p>Para escolher um fluxo adequado para <a target=\"_blank\" href=\"https:\/\/speaktor.com\/pt-br\/\" rel=\"nofollow noopener\">converter texto em fala<\/a>, \u00e9 preciso considerar tr\u00eas aspetos fundamentais:<\/p>\n<ul>\n<li>Preparar o texto de forma clara para a voz;<\/li>\n<li>Selecionar o timbre e ritmo corretos;<\/li>\n<li>Aplicar uma p\u00f3s-produ\u00e7\u00e3o simples que assegure qualidade final;<\/li>\n<\/ul>\n<p>Estes cuidados evitam ter mais trabalho e tornam o processo mais natural.<\/p>\n<p>Pontos essenciais a considerar:<\/p>\n<ul>\n<li><strong>Texto preparado para voz<\/strong>: par\u00e1grafos curtos, frases diretas e listas claras tornam a locu\u00e7\u00e3o mais natural. Use grafia fon\u00e9tica para siglas e nomes com pron\u00fancia sens\u00edvel.<\/li>\n<li><strong>Timbre e ritmo<\/strong>: ajuste a voz conforme o contexto:\n<ul>\n<li>Ritmo moderado para explicativos;<\/li>\n<li>Ritmo mais r\u00e1pido para not\u00edcias;<\/li>\n<li>\u00canfases subtis para tutoriais longos;<\/li>\n<li>Pausas curtas ajudam a compreens\u00e3o.<\/li>\n<\/ul>\n<\/li>\n<li><strong>P\u00f3s-produ\u00e7\u00e3o m\u00ednima e objetiva<\/strong>: normalizar volume, reduzir ru\u00eddos e cortar sil\u00eancios melhora a qualidade. Um editor simples e um nivelador autom\u00e1tico resolvem a maioria dos casos.<\/li>\n<\/ul>\n<p>Que ferramentas escolher para converter texto em fala de forma eficaz?<br \/>\n1 &#8211; Speaktor<\/p>\n<p><a target=\"_blank\" href=\"https:\/\/pplware.sapo.pt\/wp-content\/uploads\/2025\/10\/Speaktor.jpg\" onclick=\"refreshIframe()\" class=\"foobox\" rel=\"nofollow noopener\"><img loading=\"lazy\" decoding=\"async\" src=\"https:\/\/www.europesays.com\/pt\/wp-content\/uploads\/2025\/10\/Speaktor-720x402.jpg\" alt=\"Speaktor\" width=\"720\" height=\"402\" class=\"aligncenter wp-image-1082231 size-medium\"  \/><\/a><\/p>\n<p><strong>\u2714\ufe0f Pr\u00f3s<\/strong><\/p>\n<ul>\n<li>Vozes naturais com boa inteligibilidade em portugu\u00eas de Portugal;<\/li>\n<li>Suporte a v\u00e1rios idiomas para vers\u00f5es internacionais do mesmo conte\u00fado;<\/li>\n<li>Ficheiros MP3\/ WAV prontos para edi\u00e7\u00e3o posterior.<\/li>\n<\/ul>\n<p><strong>\u274c Contras<\/strong><\/p>\n<ul>\n<li>Servi\u00e7o pago, o que pode pesar para quem publica esporadicamente.<\/li>\n<\/ul>\n<p>2 &#8211; Audacity<\/p>\n<p><a target=\"_blank\" href=\"https:\/\/pplware.sapo.pt\/wp-content\/uploads\/2025\/10\/Audacity.jpg\" onclick=\"refreshIframe()\" class=\"foobox\" rel=\"nofollow noopener\"><img loading=\"lazy\" decoding=\"async\" src=\"https:\/\/www.europesays.com\/pt\/wp-content\/uploads\/2025\/10\/Audacity-720x405.jpg\" alt=\"Audacity\" width=\"720\" height=\"405\" class=\"aligncenter size-medium wp-image-1082237\"  \/><\/a><\/p>\n<p>O Audacity \u00e9 um editor de \u00e1udio gratuito e multiplataforma, ideal para p\u00f3s-produ\u00e7\u00e3o ap\u00f3s converter texto em fala.<\/p>\n<p>Permite cortar, ajustar volumes, remover ru\u00eddo leve e exportar com controlo de bit rate. Suporta plug-ins, edi\u00e7\u00e3o multifaixa e macros para automatizar tarefas repetitivas.<\/p>\n<p><strong>\u2714\ufe0f Pr\u00f3s<\/strong><\/p>\n<ul>\n<li>Gratuito e open-source, funciona em Windows, macOS e Linux;<\/li>\n<li>Conjunto vasto de efeitos e suporte a plug-ins VST\/ LADSPA;<\/li>\n<li>Macros e processamento em lote aceleram fluxos repetitivos.<\/li>\n<\/ul>\n<p><strong>\u274c Contras<\/strong><\/p>\n<ul>\n<li>Interface datada quando comparada a editores comerciais;<\/li>\n<li>Curva de aprendizagem para quem nunca editou \u00e1udio;<\/li>\n<li>Sem recursos nativos de Intelig\u00eancia Artificial (IA) para limpeza agressiva ou nivelamento autom\u00e1tico.<\/li>\n<\/ul>\n<p>3 &#8211; Auphonic Leveler<\/p>\n<p><a target=\"_blank\" href=\"https:\/\/pplware.sapo.pt\/wp-content\/uploads\/2025\/10\/Auphonic-Leveler.jpg\" onclick=\"refreshIframe()\" class=\"foobox\" rel=\"nofollow noopener\"><img loading=\"lazy\" decoding=\"async\" src=\"https:\/\/www.europesays.com\/pt\/wp-content\/uploads\/2025\/10\/Auphonic-Leveler-720x405.jpg\" alt=\"Auphonic Leveler\" width=\"720\" height=\"405\" class=\"aligncenter size-medium wp-image-1082236\"  \/><\/a><\/p>\n<p>O Auphonic \u00e9 um servi\u00e7o web gratuito que automatiza p\u00f3s-produ\u00e7\u00e3o de \u00e1udio.<\/p>\n<p>Recebe arquivos TTS e entrega \u00e1udio polido com loudness padronizado, ru\u00eddo reduzido e din\u00e2mica equilibrada, garantindo consist\u00eancia entre epis\u00f3dios e plataformas, ideal para podcasts e newsletters curtas.<\/p>\n<p><strong>\u2714\ufe0f Pr\u00f3s<\/strong><\/p>\n<ul>\n<li>Redu\u00e7\u00e3o de ru\u00eddo e compress\u00e3o equilibrada com um clique;<\/li>\n<li>Integra\u00e7\u00e3o com plataformas de alojamento e automa\u00e7\u00f5es simples;<\/li>\n<li>Interface web, dispensa instala\u00e7\u00e3o local.<\/li>\n<\/ul>\n<p><strong>\u274c Contras<\/strong><\/p>\n<ul>\n<li>N\u00edvel gratuito com minutos mensais limitados;<\/li>\n<li>Upload e processamento dependem da liga\u00e7\u00e3o \u00e0 Internet;<\/li>\n<li>Menos controlo fino do que um editor manual para casos muito espec\u00edficos.<\/li>\n<\/ul>\n<p>4 &#8211; Ocenaudio<\/p>\n<p><a target=\"_blank\" href=\"https:\/\/pplware.sapo.pt\/wp-content\/uploads\/2025\/10\/Ocenaudio.jpg\" onclick=\"refreshIframe()\" class=\"foobox\" rel=\"nofollow noopener\"><img loading=\"lazy\" decoding=\"async\" src=\"https:\/\/www.europesays.com\/pt\/wp-content\/uploads\/2025\/10\/Ocenaudio-720x405.jpg\" alt=\"Ocenaudio\" width=\"720\" height=\"405\" class=\"aligncenter size-medium wp-image-1082232\"  \/><\/a><\/p>\n<p>O Ocenaudio \u00e9 um editor gratuito, leve e multiplataforma, ideal para cortes r\u00e1pidos e ajustes visuais simples.<\/p>\n<p>Permite fades, aparar respira\u00e7\u00f5es, analisar espectrogramas e exportar facilmente. Suporta plug-ins VST e lida bem com arquivos longos, sendo uma alternativa \u00e1gil ao Audacity.<\/p>\n<p><strong>\u2714\ufe0f Pr\u00f3s<\/strong><\/p>\n<ul>\n<li>Gratuito, interface limpa e muito f\u00e1cil de usar;<\/li>\n<li>Leve e est\u00e1vel, \u00fatil em m\u00e1quinas modestas;<\/li>\n<li>\u00d3timo para cortes, fades e ajustes r\u00e1pidos ap\u00f3s o TTS.<\/li>\n<\/ul>\n<p><strong>\u274c Contras<\/strong><\/p>\n<ul>\n<li>Menos ferramentas avan\u00e7adas do que editores profissionais;<\/li>\n<li>Automatiza\u00e7\u00f5es e edi\u00e7\u00e3o por lotes mais limitadas;<\/li>\n<li>Sem recursos integrados de IA para redu\u00e7\u00e3o de ru\u00eddo ou nivelamento.<\/li>\n<\/ul>\n<p>5 &#8211; Krisp<\/p>\n<p><a target=\"_blank\" href=\"https:\/\/pplware.sapo.pt\/wp-content\/uploads\/2025\/10\/Krisp.jpg\" onclick=\"refreshIframe()\" class=\"foobox\" rel=\"nofollow noopener\"><img loading=\"lazy\" decoding=\"async\" src=\"https:\/\/www.europesays.com\/pt\/wp-content\/uploads\/2025\/10\/Krisp-720x404.jpg\" alt=\"Krisp\" width=\"720\" height=\"404\" class=\"aligncenter size-medium wp-image-1082234\"  \/><\/a><\/p>\n<p>O Krisp remove ru\u00eddo de fundo em tempo real, ideal para grava\u00e7\u00f5es, entrevistas remotas ou capta\u00e7\u00e3o de rea\u00e7\u00f5es.<\/p>\n<p>N\u00e3o gera voz, mas limpa ambientes ruidosos, harmonizando narra\u00e7\u00f5es TTS com \u00e1udio ao vivo. Possui plano gratuito e integra-se com apps de chamadas.<\/p>\n<p><strong>\u2714\ufe0f Pr\u00f3s<\/strong><\/p>\n<ul>\n<li>Integra-se com Zoom, Meet e outras aplica\u00e7\u00f5es de chamada;<\/li>\n<li>F\u00e1cil de ligar e desligar, resultados imediatos;<\/li>\n<li>Plano gratuito suficiente para usos ocasionais.<\/li>\n<\/ul>\n<p><strong>\u274c Contras<\/strong><\/p>\n<ul>\n<li>Limite mensal de minutos na vers\u00e3o gratuita;<\/li>\n<li>Pode atenuar timbres mais graves se par\u00e2metros estiverem agressivos;<\/li>\n<li>Consumo de CPU em port\u00e1teis mais antigos.<\/li>\n<\/ul>\n<p>6 &#8211; OBS Studio<\/p>\n<p><a target=\"_blank\" href=\"https:\/\/pplware.sapo.pt\/wp-content\/uploads\/2025\/10\/obs_studio.jpg\" onclick=\"refreshIframe()\" class=\"foobox\" rel=\"nofollow noopener\"><img loading=\"lazy\" decoding=\"async\" src=\"https:\/\/www.europesays.com\/pt\/wp-content\/uploads\/2025\/10\/obs_studio-720x403.jpg\" alt=\"OBS Studio\" width=\"720\" height=\"403\" class=\"aligncenter size-medium wp-image-1082233\"  \/><\/a><\/p>\n<p>O OBS Studio \u00e9 gratuito e ideal para capturar e montar v\u00eddeos com narra\u00e7\u00e3o TTS.<\/p>\n<p>Permite sobrepor \u00e1udio a imagens, screencasts e B-roll, aplicar transi\u00e7\u00f5es e filtros simples, monitorizar n\u00edveis e exportar em formatos padr\u00e3o para YouTube e redes sociais.<\/p>\n<p><strong>\u2714\ufe0f Pr\u00f3s<\/strong><\/p>\n<ul>\n<li>Gratuito e multiplataforma, com vasta comunidade e plug-ins;<\/li>\n<li>Filtros b\u00e1sicos de ganho, compressor e limitador para a narra\u00e7\u00e3o;<\/li>\n<li>Ideal para emparelhar a voz TTS com visuais, em poucos passos.<\/li>\n<\/ul>\n<p><strong>\u274c Contras<\/strong><\/p>\n<ul>\n<li>Interface com muitos pain\u00e9is, exige alguns minutos de configura\u00e7\u00e3o;<\/li>\n<li>Edi\u00e7\u00e3o fina exigir\u00e1 exportar e finalizar noutro software;<\/li>\n<li>Consumo de recursos elevado em cenas complexas.<\/li>\n<\/ul>\n<p>De acordo com a <a target=\"_blank\" href=\"https:\/\/www.verifiedmarketreports.com\/pt\/product\/ai-dubbing-tools-market\/\" rel=\"nofollow noopener\">Verified Market Research<\/a>, o mercado global de ferramentas de voz por IA atingiu 1,27 mil milh\u00e3o de d\u00f3lares em 2024 e deve crescer para 8,54 mil milh\u00f5es de d\u00f3lares at\u00e9 2033, impulsionado pela procura crescente por conte\u00fados localizados e de alta qualidade.<\/p>\n<p><a target=\"_blank\" href=\"https:\/\/pplware.sapo.pt\/wp-content\/uploads\/2025\/08\/som_voz.jpg\" onclick=\"refreshIframe()\" class=\"foobox\" rel=\"nofollow noopener\"><img loading=\"lazy\" decoding=\"async\" src=\"https:\/\/www.europesays.com\/pt\/wp-content\/uploads\/2025\/08\/som_voz-720x405.jpg\" alt=\"\" width=\"720\" height=\"405\" class=\"aligncenter size-medium wp-image-1073177\"  \/><\/a><\/p>\n<p>Quais s\u00e3o as melhores pr\u00e1ticas para um som consistente?<\/p>\n<p>As melhores pr\u00e1ticas para um som consistente incluem normalizar loudness, ajustar bit rate, controlar respira\u00e7\u00f5es, manter velocidade adequada e usar chamadas de a\u00e7\u00e3o.<\/p>\n<p>Aqui est\u00e3o as principais dicas para aplicar:<\/p>\n<ul>\n<li><strong>Intensidade<\/strong>: para podcast, normalizar por volta de -16 LUFS em est\u00e9reo \u00e9 uma regra segura.<\/li>\n<li><strong>Bit rate<\/strong>: 128 a 192 kbps em MP3 preserva nitidez sem gerar ficheiros pesados.<\/li>\n<li><strong>Respira\u00e7\u00f5es<\/strong>: reduzir, n\u00e3o eliminar completamente, para evitar som artificial.<\/li>\n<li><strong>Velocidade<\/strong>: 140 a 165 palavras por minuto mant\u00e9m clareza em conte\u00fados explicativos.<\/li>\n<li><strong>Chamadas de a\u00e7\u00e3o<\/strong>: incluir no final, com pausa curta antes e depois para realce.<\/li>\n<li><strong>Transcri\u00e7\u00f5es<\/strong>: publicar o texto do epis\u00f3dio melhora SEO e acessibilidade.<\/li>\n<\/ul>\n<p>Conclus\u00e3o<\/p>\n<p>Converter texto em fala tornou-se essencial para criadores que querem ampliar o alcance e engagement. Combinando um motor TTS confi\u00e1vel, ferramentas de edi\u00e7\u00e3o e p\u00f3s-produ\u00e7\u00e3o, \u00e9 poss\u00edvel gerar \u00e1udios claros, naturais e consistentes.<\/p>\n<p>Seguindo fluxos bem estruturados e boas pr\u00e1ticas, qualquer conte\u00fado escrito pode ser transformado em podcasts, v\u00eddeos ou narra\u00e7\u00f5es de forma r\u00e1pida e profissional.<\/p>\n","protected":false},"excerpt":{"rendered":"Converter texto em fala com IA \u00e9 essencial em 2025. Explore as melhores ferramentas para narrar artigos, v\u00eddeos&hellip;\n","protected":false},"author":2,"featured_media":102554,"comment_status":"","ping_status":"","sticky":false,"template":"","format":"standard","meta":{"footnotes":""},"categories":[85],"tags":[2088,114,115,32,33],"class_list":{"0":"post-102553","1":"post","2":"type-post","3":"status-publish","4":"format-standard","5":"has-post-thumbnail","7":"category-entretenimento","8":"tag-audio","9":"tag-entertainment","10":"tag-entretenimento","11":"tag-portugal","12":"tag-pt"},"share_on_mastodon":{"url":"","error":""},"_links":{"self":[{"href":"https:\/\/www.europesays.com\/pt\/wp-json\/wp\/v2\/posts\/102553","targetHints":{"allow":["GET"]}}],"collection":[{"href":"https:\/\/www.europesays.com\/pt\/wp-json\/wp\/v2\/posts"}],"about":[{"href":"https:\/\/www.europesays.com\/pt\/wp-json\/wp\/v2\/types\/post"}],"author":[{"embeddable":true,"href":"https:\/\/www.europesays.com\/pt\/wp-json\/wp\/v2\/users\/2"}],"replies":[{"embeddable":true,"href":"https:\/\/www.europesays.com\/pt\/wp-json\/wp\/v2\/comments?post=102553"}],"version-history":[{"count":0,"href":"https:\/\/www.europesays.com\/pt\/wp-json\/wp\/v2\/posts\/102553\/revisions"}],"wp:featuredmedia":[{"embeddable":true,"href":"https:\/\/www.europesays.com\/pt\/wp-json\/wp\/v2\/media\/102554"}],"wp:attachment":[{"href":"https:\/\/www.europesays.com\/pt\/wp-json\/wp\/v2\/media?parent=102553"}],"wp:term":[{"taxonomy":"category","embeddable":true,"href":"https:\/\/www.europesays.com\/pt\/wp-json\/wp\/v2\/categories?post=102553"},{"taxonomy":"post_tag","embeddable":true,"href":"https:\/\/www.europesays.com\/pt\/wp-json\/wp\/v2\/tags?post=102553"}],"curies":[{"name":"wp","href":"https:\/\/api.w.org\/{rel}","templated":true}]}}