{"id":102555,"date":"2025-10-08T19:48:17","date_gmt":"2025-10-08T19:48:17","guid":{"rendered":"https:\/\/www.europesays.com\/pt\/102555\/"},"modified":"2025-10-08T19:48:17","modified_gmt":"2025-10-08T19:48:17","slug":"quatro-corpos-retirados-dos-escombros-de-predio-que-ruiu-em-madrid","status":"publish","type":"post","link":"https:\/\/www.europesays.com\/pt\/102555\/","title":{"rendered":"Quatro corpos retirados dos escombros de pr\u00e9dio que ruiu em Madrid"},"content":{"rendered":"<p>Quatro pessoas morreram e tr\u00eas ficaram feridas na sequ\u00eancia do colapso parcial do edif\u00edcio, situado na rua Hileras, no centro de Madrid. \u00c0s 2 horas locais (1 hora em Portugal continental), os bombeiros localizaram os dois \u00faltimos corpos nos escombros do edif\u00edcio.<\/p>\n<p data-remotead-prev-elm=\"true\" data-remotead-elm-id=\"inread\">O desabamento ocorreu na ter\u00e7a-feira por volta das 13 horas locais (12 horas em Portugal continental). A estrutura interior do edif\u00edcio desabou e sete trabalhadores da obra de recupera\u00e7\u00e3o do pr\u00e9dio ficaram presos nos escombros.<\/p>\n<p>Uma das pessoas resgatadas foi levada para o hospital, com ferimentos com uma fratura numa perna, enquanto as outras duas s\u00e3o feridos considerados ligeiros.<\/p>\n<p data-remotead-prev-elm=\"true\" data-remotead-elm-id=\"centro1\">O respons\u00e1vel da obra afirmou que estavam a trabalhar entre 30 e 40 pessoas nesse momento no edif\u00edcio, que estava a ser recuperado para ser um hotel. <\/p>\n","protected":false},"excerpt":{"rendered":"Quatro pessoas morreram e tr\u00eas ficaram feridas na sequ\u00eancia do colapso parcial do edif\u00edcio, situado na rua Hileras,&hellip;\n","protected":false},"author":2,"featured_media":102556,"comment_status":"","ping_status":"","sticky":false,"template":"","format":"standard","meta":{"footnotes":""},"categories":[50],"tags":[27,28,6934,640,15,16,14,25,26,21,22,62,12,13,19,20,3554,23,24,17,18,29,30,31,63,64,65],"class_list":{"0":"post-102555","1":"post","2":"type-post","3":"status-publish","4":"format-standard","5":"has-post-thumbnail","7":"category-mundo","8":"tag-breaking-news","9":"tag-breakingnews","10":"tag-construcao-civil","11":"tag-espanha","12":"tag-featured-news","13":"tag-featurednews","14":"tag-headlines","15":"tag-latest-news","16":"tag-latestnews","17":"tag-main-news","18":"tag-mainnews","19":"tag-mundo","20":"tag-news","21":"tag-noticias","22":"tag-noticias-principais","23":"tag-noticiasprincipais","24":"tag-obras","25":"tag-principais-noticias","26":"tag-principaisnoticias","27":"tag-top-stories","28":"tag-topstories","29":"tag-ultimas","30":"tag-ultimas-noticias","31":"tag-ultimasnoticias","32":"tag-world","33":"tag-world-news","34":"tag-worldnews"},"share_on_mastodon":{"url":"","error":""},"_links":{"self":[{"href":"https:\/\/www.europesays.com\/pt\/wp-json\/wp\/v2\/posts\/102555","targetHints":{"allow":["GET"]}}],"collection":[{"href":"https:\/\/www.europesays.com\/pt\/wp-json\/wp\/v2\/posts"}],"about":[{"href":"https:\/\/www.europesays.com\/pt\/wp-json\/wp\/v2\/types\/post"}],"author":[{"embeddable":true,"href":"https:\/\/www.europesays.com\/pt\/wp-json\/wp\/v2\/users\/2"}],"replies":[{"embeddable":true,"href":"https:\/\/www.europesays.com\/pt\/wp-json\/wp\/v2\/comments?post=102555"}],"version-history":[{"count":0,"href":"https:\/\/www.europesays.com\/pt\/wp-json\/wp\/v2\/posts\/102555\/revisions"}],"wp:featuredmedia":[{"embeddable":true,"href":"https:\/\/www.europesays.com\/pt\/wp-json\/wp\/v2\/media\/102556"}],"wp:attachment":[{"href":"https:\/\/www.europesays.com\/pt\/wp-json\/wp\/v2\/media?parent=102555"}],"wp:term":[{"taxonomy":"category","embeddable":true,"href":"https:\/\/www.europesays.com\/pt\/wp-json\/wp\/v2\/categories?post=102555"},{"taxonomy":"post_tag","embeddable":true,"href":"https:\/\/www.europesays.com\/pt\/wp-json\/wp\/v2\/tags?post=102555"}],"curies":[{"name":"wp","href":"https:\/\/api.w.org\/{rel}","templated":true}]}}