{"id":102557,"date":"2025-10-08T19:50:27","date_gmt":"2025-10-08T19:50:27","guid":{"rendered":"https:\/\/www.europesays.com\/pt\/102557\/"},"modified":"2025-10-08T19:50:27","modified_gmt":"2025-10-08T19:50:27","slug":"benfica-desmente-andre-villas-boas-e-acusa-presidente-do-fc-porto-declaracoes-lamentaveis-do-principio-ao-fim-bola-na-rede","status":"publish","type":"post","link":"https:\/\/www.europesays.com\/pt\/102557\/","title":{"rendered":"Benfica desmente Andr\u00e9 Villas-Boas e acusa presidente do FC Porto: \u00abDeclara\u00e7\u00f5es lament\u00e1veis do princ\u00edpio ao fim\u00bb &#8211; Bola na Rede"},"content":{"rendered":"<ol>\n<li><a href=\"https:\/\/news.google.com\/rss\/articles\/CBMi-AFBVV95cUxPZVRuRmRsOWNPUXlHNzVQOXpUcVZaanZUSWdBWUxXdHBYUGhRRzlzRTNtVExxTWswZ1FaaDFnWmxBbXktQUVra0ZzTnhwVjZBU1NKOHRCOTB1V0hkMUF0RTlHN1JBeE5hS0RfWmxyeEI5eERLMEhTSlpQUHZhUThhTjcya1NuWS1wQUZtYUM5UzFZX2R3ck1FdVc0UFA4VGlzQWlWYXBOTWd5bjVWbktLbmlYeGY1ejBZR2hXMWN1MXVpSVdaUGZzaXZCek5tWjVzSDhPY0J0Vmd1Zk9UNXBRSE5xdmJtcGlhZGV3dTFnNjVBbktKV1ZPUg?oc=5\" target=\"_blank\" rel=\"nofollow noopener\">Benfica desmente Andr\u00e9 Villas-Boas e acusa presidente do FC Porto: \u00abDeclara\u00e7\u00f5es lament\u00e1veis do princ\u00edpio ao fim\u00bb<\/a>&nbsp;&nbsp;Bola na Rede<\/li>\n<li><a href=\"https:\/\/news.google.com\/rss\/articles\/CBMi9AFBVV95cUxQMTU3SllZSnVudXR5LUd0UE5vZXR6eHBwZXYtU3JqcTdNaDRJc1lJLUJ6RjU5QmM4dm5FRXhqY0Z3cGxzeGpWQTIycW5zbGI0bnRQSVpRUzctakxFOTNodDFLRXNuejRzSm01eF93LWxXQjhkSWVHNVBDTXNETThEUE0tMkVFRGh0Q1dCZ0pNQ1hkZ1JnSzJrVkZTU1dRVUw1bkFfMnJLbk9UeHRSOTBTVzNrNENNWWVwUEMtc2JUSUw2N3Q3SC1TeDlJVjVIekRHRk9SS2RmeWtaWEF0U2NtRWhuREFJMVlfVzBZTmxYWFY1WjVO?oc=5\" target=\"_blank\" rel=\"nofollow noopener\">\u00abO maior elogio ao FC Porto \u00e9 ver o Trubin, R\u00edos e Enzo a perderem tempo para sacarem um empate no Drag\u00e3o\u00bb<\/a>&nbsp;&nbsp;CNN Portugal<\/li>\n<li><a href=\"https:\/\/news.google.com\/rss\/articles\/CBMijgFBVV95cUxPb1QxeW9xSktzV0l1cldCR3BHMUdFSkRvSFlZVVMwT1lKVGNFbDBHT0dKYnBpbzhEY3NFRzlUQ1FkWVVqNlpWeDVtNGV0dUhPcmstWlFPR25FbTk5QjdTd29zUUYzM3dod0N5cTVyQ0xpS3NjdWxZSWxNcHNQU2lSRWRCcU1nUUlXLVNlLXV3?oc=5\" target=\"_blank\" rel=\"nofollow noopener\">Benfica acusa Villas-Boas de mentir<\/a>&nbsp;&nbsp;A Bola<\/li>\n<li><a href=\"https:\/\/news.google.com\/rss\/articles\/CBMiigFBVV95cUxNX21UOW56ZTVybzFUR1V4MnRCZlNYWWRPZ2JmZEZZZnByVFhVNGVoSlMwVTRIdjFBTmZrX0I2bDA4a19hb09jcmlQSUtEU3dvZ1FKUWZ5NVM5RFlWRFV0b0RQZ3RtVjlWNktpZ002TUZFQVF2Wm1STGVBNk45eDc0Z3ZRSEl0bWFPVlE?oc=5\" target=\"_blank\" rel=\"nofollow noopener\">Benfica acusado de perder tempo \u2013 estat\u00edsticas dizem o contr\u00e1rio<\/a>&nbsp;&nbsp;Hugo Gil<\/li>\n<li><a href=\"https:\/\/news.google.com\/rss\/articles\/CBMi5wFBVV95cUxNSnB4d1RSYlN1YU9iNVlQYmwxZnExTms2VTVpTUJQWkdFT042RjJCLTV2dk5vMF9lck1rVy1kU3ZWdS02cHJUZC1kWnF4M0ZRdWd5TE9Lc1JJOTY1X1JwbDdfQnQxQVVjaWVfd19laU9iZTRqVnJ5RGVHd0dvbkxEUWMyMF85Z3BYZ3JHNnR5S2QwU2lPZFJvdlhHZlVqZ1Y2dG1FN1R6X1FWUVlDdS1TbGFxS04yZlduZmItRlQ1M3V6akVWMFlJUlhVUzZMT2VucGxtVHBqc2FXZU5RaFBfbkRJdnRFc1U?oc=5\" target=\"_blank\" rel=\"nofollow noopener\">Villas-Boas fala da &#8220;boa vantagem&#8221; na Liga mas atira: \u00abTemos de saber que lutamos contra tudo e contra todos\u00bb<\/a>&nbsp;&nbsp;SAPO<\/li>\n<\/ol>\n","protected":false},"excerpt":{"rendered":"Benfica desmente Andr\u00e9 Villas-Boas e acusa presidente do FC Porto: \u00abDeclara\u00e7\u00f5es lament\u00e1veis do princ\u00edpio ao fim\u00bb&nbsp;&nbsp;Bola na Rede&hellip;\n","protected":false},"author":2,"featured_media":99287,"comment_status":"","ping_status":"","sticky":false,"template":"","format":"standard","meta":{"footnotes":""},"categories":[8],"tags":[27,28,15,16,14,25,26,21,22,12,13,19,20,32,23,24,33,17,18,29,30,31],"class_list":{"0":"post-102557","1":"post","2":"type-post","3":"status-publish","4":"format-standard","5":"has-post-thumbnail","7":"category-principais-noticias","8":"tag-breaking-news","9":"tag-breakingnews","10":"tag-featured-news","11":"tag-featurednews","12":"tag-headlines","13":"tag-latest-news","14":"tag-latestnews","15":"tag-main-news","16":"tag-mainnews","17":"tag-news","18":"tag-noticias","19":"tag-noticias-principais","20":"tag-noticiasprincipais","21":"tag-portugal","22":"tag-principais-noticias","23":"tag-principaisnoticias","24":"tag-pt","25":"tag-top-stories","26":"tag-topstories","27":"tag-ultimas","28":"tag-ultimas-noticias","29":"tag-ultimasnoticias"},"share_on_mastodon":{"url":"","error":""},"_links":{"self":[{"href":"https:\/\/www.europesays.com\/pt\/wp-json\/wp\/v2\/posts\/102557","targetHints":{"allow":["GET"]}}],"collection":[{"href":"https:\/\/www.europesays.com\/pt\/wp-json\/wp\/v2\/posts"}],"about":[{"href":"https:\/\/www.europesays.com\/pt\/wp-json\/wp\/v2\/types\/post"}],"author":[{"embeddable":true,"href":"https:\/\/www.europesays.com\/pt\/wp-json\/wp\/v2\/users\/2"}],"replies":[{"embeddable":true,"href":"https:\/\/www.europesays.com\/pt\/wp-json\/wp\/v2\/comments?post=102557"}],"version-history":[{"count":0,"href":"https:\/\/www.europesays.com\/pt\/wp-json\/wp\/v2\/posts\/102557\/revisions"}],"wp:featuredmedia":[{"embeddable":true,"href":"https:\/\/www.europesays.com\/pt\/wp-json\/wp\/v2\/media\/99287"}],"wp:attachment":[{"href":"https:\/\/www.europesays.com\/pt\/wp-json\/wp\/v2\/media?parent=102557"}],"wp:term":[{"taxonomy":"category","embeddable":true,"href":"https:\/\/www.europesays.com\/pt\/wp-json\/wp\/v2\/categories?post=102557"},{"taxonomy":"post_tag","embeddable":true,"href":"https:\/\/www.europesays.com\/pt\/wp-json\/wp\/v2\/tags?post=102557"}],"curies":[{"name":"wp","href":"https:\/\/api.w.org\/{rel}","templated":true}]}}