{"id":102560,"date":"2025-10-08T19:53:23","date_gmt":"2025-10-08T19:53:23","guid":{"rendered":"https:\/\/www.europesays.com\/pt\/102560\/"},"modified":"2025-10-08T19:53:23","modified_gmt":"2025-10-08T19:53:23","slug":"vereador-franco-valerio-destaca-lancamento-historico-do-livro-a-camara-municipal-de-vila-maria-do-paraguai-camara-municipal-de-caceres","status":"publish","type":"post","link":"https:\/\/www.europesays.com\/pt\/102560\/","title":{"rendered":"Vereador Franco Val\u00e9rio destaca lan\u00e7amento hist\u00f3rico do Livro &#8220;A C\u00e2mara Municipal de Vila Maria do Paraguai&#8221; \u2014 C\u00e2mara Municipal de C\u00e1ceres"},"content":{"rendered":"<p>Em um discurso na tribuna da C\u00e2mara de C\u00e1ceres, durante a sess\u00e3o ordin\u00e1ria desta segunda-feira, o vereador Franco Val\u00e9rio (PSB) relembrou e enalteceu a hist\u00f3rica noite de lan\u00e7amento do livro &#8220;A C\u00e2mara Municipal de Vila Maria do Paraguai&#8221;, da professora e doutora Maria de Lourdes Fanaia. O parlamentar destacou n\u00e3o apenas a relev\u00e2ncia hist\u00f3rica da obra, mas tamb\u00e9m o seu significativo car\u00e1ter social.<\/p>\n<p>O livro, fruto de profunda pesquisa, faz um apanhado detalhado do movimento da &#8220;importante institui\u00e7\u00e3o&#8221;, abrangendo o per\u00edodo imperial, de 1859, at\u00e9 a Proclama\u00e7\u00e3o da Rep\u00fablica. Franco Val\u00e9rio ressaltou que esta publica\u00e7\u00e3o representa um registro fundamental para as futuras gera\u00e7\u00f5es, al\u00e9m de ser um marco para a pol\u00edtica e para os processos democr\u00e1ticos da cidade. &#8220;O\u00a0lan\u00e7amento desse livro foi um momento hist\u00f3rico para o munic\u00edpio de C\u00e1ceres&#8221;, concluiu o parlamentar.<\/p>\n<p>Al\u00e9m do valor hist\u00f3rico, o vereador enfatizou o cunho social do evento. Foram impressos 200 exemplares do livro, cujos recursos obtidos com a venda ir\u00e3o beneficiar o Centro Esp\u00edrita Luz e Caridade. Esta institui\u00e7\u00e3o desenvolve um projeto de horta comunit\u00e1ria com produ\u00e7\u00e3o org\u00e2nica, com o objetivo de alimentar dezenas de fam\u00edlias carentes do bairro Nova Era. O vereador Franco Val\u00e9rio fez quest\u00e3o de agradecer o apoio do deputado estadual Beto Dois a Um (PSB) , que viabilizou a impress\u00e3o dos exemplares.<\/p>\n<p>Franco Val\u00e9rio estendeu seus agradecimentos \u00e0 imprensa local pela cobertura dedicada \u00e0 noite de lan\u00e7amento, bem como \u00e0s autoridades, intelectuais e \u00e0 popula\u00e7\u00e3o em geral que prestigiaram o evento. Um agradecimento especial foi direcionado aos representantes do Instituto Geogr\u00e1fico e Hist\u00f3rico de C\u00e1ceres, citando nominalmente as professoras doutoras Olga Mendes e Vanilda Mendes, al\u00e9m do consagrado jornalista Elias Neto, por seu envolvimento e contribui\u00e7\u00e3o.<\/p>\n<p><strong>NOITE DE LAN\u00c7AMENTO: Uma Imers\u00e3o nos Prim\u00f3rdios da C\u00e2mara de C\u00e1ceres<\/strong><\/p>\n<p>A noite de lan\u00e7amento do livro &#8220;A C\u00e2mara Municipal de Vila Maria do Paraguai&#8221; ocorreu na \u00faltima quinta-feira (02.10), no plen\u00e1rio da casa de leis, e foi marcada por uma sess\u00e3o de aut\u00f3grafos e discursos que enfatizaram a relev\u00e2ncia do trabalho.<\/p>\n<p style=\"text-align: center; \">Maria de Lourdes Fanaia, a autora, explicou que sua pesquisa mergulha nos prim\u00f3rdios da casa de leis, ainda no per\u00edodo imperial brasileiro, quando C\u00e1ceres era conhecida como &#8220;Vila Maria do Paraguai&#8221;. Uma das curiosidades hist\u00f3ricas reveladas pela autora \u00e9 que, em 1859, os vereadores n\u00e3o apenas exerciam a fun\u00e7\u00e3o legislativa, mas tamb\u00e9m o Poder Executivo. Essa dualidade de fun\u00e7\u00f5es evidenciava a ampla responsabilidade dos primeiros parlamentares, que atuavam diretamente em \u00e1reas cruciais como economia, seguran\u00e7a, sa\u00fade, constru\u00e7\u00e3o de edif\u00edcios e no ordenamento urbano de C\u00e1ceres.<\/p>\n<p><img decoding=\"async\" src=\"https:\/\/www.europesays.com\/pt\/wp-content\/uploads\/2025\/10\/5832ae52-489c-4b28-ac1f-e9ce96675dd6.jpeg\" alt=\"Lan\u00e7amento_Livro_sobre_hist\u00f3ria_da_C\u00e2mara Municipal (08.09.2025)_CRED_CMC\" class=\"image-inline\" title=\"Lan\u00e7amento_Livro_sobre_hist\u00f3ria_da_C\u00e2mara Municipal (08.09.2025)_CRED_CMC\"\/>\u00a0<img decoding=\"async\" src=\"https:\/\/www.europesays.com\/pt\/wp-content\/uploads\/2025\/10\/447e1008-7e6f-4137-9edc-b8bfa30ef564.jpeg\" alt=\"Lan\u00e7amento_Livro_sobre_hist\u00f3ria_da_C\u00e2mara Municipal (08.09.2025)_CRED_CMC\" class=\"image-inline\" title=\"Lan\u00e7amento_Livro_sobre_hist\u00f3ria_da_C\u00e2mara Municipal (08.09.2025)_CRED_CMC\"\/><\/p>\n<p style=\"text-align: center; \">Durante a noite de lan\u00e7amento, a autora Maria de Lourdes Fanaia expressou sua gratid\u00e3o: &#8220;Eu agrade\u00e7o este momento solene, ao vereador Franco Val\u00e9rio (PSB), ao deputado estadual Beto Dois A Um, ao presidente deste legislativo, Fl\u00e1vio Nega\u00e7\u00e3o (MDB) e aos demais vereadores, que foram fundamentais para o incentivo a divulga\u00e7\u00e3o dessa obra&#8221;.<\/p>\n<p><img decoding=\"async\" src=\"https:\/\/www.europesays.com\/pt\/wp-content\/uploads\/2025\/10\/3e080915-85ed-4685-b671-b33aaa4fa42f.jpeg\" alt=\"Lan\u00e7amento_Livro_sobre_hist\u00f3ria_da_C\u00e2mara Municipal (08.09.2025)_CRED_CMC\" class=\"image-inline\" title=\"Lan\u00e7amento_Livro_sobre_hist\u00f3ria_da_C\u00e2mara Municipal (08.09.2025)_CRED_CMC\"\/>\u00a0<img decoding=\"async\" src=\"https:\/\/www.europesays.com\/pt\/wp-content\/uploads\/2025\/10\/0fd70e20-a0d3-484d-a503-648b38fc6c1f.jpeg\" alt=\"Lan\u00e7amento_Livro_sobre_hist\u00f3ria_da_C\u00e2mara Municipal (08.09.2025)_CRED_CMC\" class=\"image-inline\" title=\"Lan\u00e7amento_Livro_sobre_hist\u00f3ria_da_C\u00e2mara Municipal (08.09.2025)_CRED_CMC\"\/><\/p>\n<p style=\"text-align: center; \"><img decoding=\"async\" src=\"https:\/\/www.europesays.com\/pt\/wp-content\/uploads\/2025\/10\/e7c9a975-94a0-476b-8b48-934a5ad216a5.jpeg\" alt=\"Lan\u00e7amento_Livro_sobre_hist\u00f3ria_da_C\u00e2mara Municipal (08.09.2025)_CRED_CMC\" class=\"image-inline\" title=\"Lan\u00e7amento_Livro_sobre_hist\u00f3ria_da_C\u00e2mara Municipal (08.09.2025)_CRED_CMC\"\/>\u00a0<img decoding=\"async\" src=\"https:\/\/www.europesays.com\/pt\/wp-content\/uploads\/2025\/10\/46770292-af31-497f-a2ce-f0dcf8bedffd.jpeg\" alt=\"Lan\u00e7amento_Livro_sobre_hist\u00f3ria_da_C\u00e2mara Municipal (08.09.2025)_CRED_CMC\" class=\"image-inline\" title=\"Lan\u00e7amento_Livro_sobre_hist\u00f3ria_da_C\u00e2mara Municipal (08.09.2025)_CRED_CMC\"\/><\/p>\n<p style=\"text-align: center; \"><img decoding=\"async\" src=\"https:\/\/www.europesays.com\/pt\/wp-content\/uploads\/2025\/10\/2f42920f-1878-40c2-a3f3-534ff84b6080.jpeg\" alt=\"Lan\u00e7amento_Livro_sobre_hist\u00f3ria_da_C\u00e2mara Municipal (08.09.2025)_CRED_CMC\" class=\"image-inline\" title=\"Lan\u00e7amento_Livro_sobre_hist\u00f3ria_da_C\u00e2mara Municipal (08.09.2025)_CRED_CMC\"\/>\u00a0<img decoding=\"async\" src=\"https:\/\/www.europesays.com\/pt\/wp-content\/uploads\/2025\/10\/4159b87a-3a16-4a49-aa0e-2f76bea45b41.jpeg\" alt=\"Lan\u00e7amento_Livro_sobre_hist\u00f3ria_da_C\u00e2mara Municipal (08.09.2025)_CRED_CMC\" class=\"image-inline\" title=\"Lan\u00e7amento_Livro_sobre_hist\u00f3ria_da_C\u00e2mara Municipal (08.09.2025)_CRED_CMC\"\/><\/p>\n<p style=\"text-align: left; \"><strong><a title=\"\" href=\"https:\/\/www.caceres.mt.leg.br\/lancamento-livro-sobre-historia-da-camara-municipal-08-09-2025\" class=\"internal-link\" target=\"_blank\" rel=\"nofollow noopener\">Confira a galeria de album completa do evento<\/a><\/strong><\/p>\n","protected":false},"excerpt":{"rendered":"Em um discurso na tribuna da C\u00e2mara de C\u00e1ceres, durante a sess\u00e3o ordin\u00e1ria desta segunda-feira, o vereador Franco&hellip;\n","protected":false},"author":2,"featured_media":102561,"comment_status":"","ping_status":"","sticky":false,"template":"","format":"standard","meta":{"footnotes":""},"categories":[143],"tags":[169,114,115,170,32,33],"class_list":{"0":"post-102560","1":"post","2":"type-post","3":"status-publish","4":"format-standard","5":"has-post-thumbnail","7":"category-livros","8":"tag-books","9":"tag-entertainment","10":"tag-entretenimento","11":"tag-livros","12":"tag-portugal","13":"tag-pt"},"share_on_mastodon":{"url":"","error":""},"_links":{"self":[{"href":"https:\/\/www.europesays.com\/pt\/wp-json\/wp\/v2\/posts\/102560","targetHints":{"allow":["GET"]}}],"collection":[{"href":"https:\/\/www.europesays.com\/pt\/wp-json\/wp\/v2\/posts"}],"about":[{"href":"https:\/\/www.europesays.com\/pt\/wp-json\/wp\/v2\/types\/post"}],"author":[{"embeddable":true,"href":"https:\/\/www.europesays.com\/pt\/wp-json\/wp\/v2\/users\/2"}],"replies":[{"embeddable":true,"href":"https:\/\/www.europesays.com\/pt\/wp-json\/wp\/v2\/comments?post=102560"}],"version-history":[{"count":0,"href":"https:\/\/www.europesays.com\/pt\/wp-json\/wp\/v2\/posts\/102560\/revisions"}],"wp:featuredmedia":[{"embeddable":true,"href":"https:\/\/www.europesays.com\/pt\/wp-json\/wp\/v2\/media\/102561"}],"wp:attachment":[{"href":"https:\/\/www.europesays.com\/pt\/wp-json\/wp\/v2\/media?parent=102560"}],"wp:term":[{"taxonomy":"category","embeddable":true,"href":"https:\/\/www.europesays.com\/pt\/wp-json\/wp\/v2\/categories?post=102560"},{"taxonomy":"post_tag","embeddable":true,"href":"https:\/\/www.europesays.com\/pt\/wp-json\/wp\/v2\/tags?post=102560"}],"curies":[{"name":"wp","href":"https:\/\/api.w.org\/{rel}","templated":true}]}}