{"id":102562,"date":"2025-10-08T19:54:10","date_gmt":"2025-10-08T19:54:10","guid":{"rendered":"https:\/\/www.europesays.com\/pt\/102562\/"},"modified":"2025-10-08T19:54:10","modified_gmt":"2025-10-08T19:54:10","slug":"humberto-carrao-beija-atriz-de-vale-tudo-em-festa-do-elenco-veja","status":"publish","type":"post","link":"https:\/\/www.europesays.com\/pt\/102562\/","title":{"rendered":"Humberto Carr\u00e3o beija atriz de Vale Tudo em festa do elenco; veja"},"content":{"rendered":"<p><strong>Humberto Carr\u00e3o <\/strong>beijou uma colega de elenco de <strong>Vale Tudo<\/strong> <strong>(Globo)<\/strong> durante um dos encontros promovidos pelos atores do remake ap\u00f3s o fim das grava\u00e7\u00f5es da novela assinada por <strong>Manuela Dias<\/strong>, cujo \u00faltimo cap\u00edtulo vai ao ar em 17 de outubro.<\/p>\n<p>Na imagem compartilhada pela atriz <strong>Ingrid Gaigher<\/strong>, a int\u00e9rprete de <strong>Lucimar <\/strong>na nova vers\u00e3o da trama,\u00a0<strong>Humberto\u00a0<\/strong>aparece beijando\u00a0<strong>Edvana Carvalho<\/strong>, que d\u00e1 vida \u00e0 costureira\u00a0<strong>Eunice<\/strong>, esposa de\u00a0<strong>Bartolomeu (Lu\u00eds Melo) <\/strong>e madrasta de\u00a0<strong>Ivan (Renato G\u00f3es)<\/strong>.<\/p>\n<p>O registro viralizou nas redes sociais e rendeu diversas piadas nos coment\u00e1rios da publica\u00e7\u00e3o.\u00a0&#8220;Onde me inscrevo para participar dessas brincadeiras gostosas com o Carr\u00e3o?&#8221;, perguntou uma seguidora. &#8220;Eunice, a mulher mais invejada do Brasil&#8221;, brincou outro.\u00a0<\/p>\n<p>Confira a foto:<\/p>\n<blockquote class=\"twitter-tweet\"><p>&#13;<\/p>\n<p dir=\"ltr\" lang=\"pt\">Edvana Carvalho e Humberto Carr\u00e3o d\u00e3o bitoca em confraterniza\u00e7\u00e3o do elenco de Vale Tudo. <a href=\"https:\/\/t.co\/LmBBmRTLNS\" rel=\"nofollow\">pic.twitter.com\/LmBBmRTLNS<\/a><\/p>\n<p>&#13;<br \/>\n\u2014 \ud835\udd44\ud835\udd46\u210d\ud835\udd38\ud835\udd44\ud835\udd44\ud835\udd3c\ud835\udd3b (@JorMohammed) <a href=\"https:\/\/twitter.com\/JorMohammed\/status\/1975955130228031602?ref_src=twsrc%5Etfw\" rel=\"nofollow noopener\" target=\"_blank\">October 8, 2025<\/a><\/p><\/blockquote>\n<blockquote class=\"instagram-media\" style=\"background: #FFF; border: 0; border-radius: 3px; box-shadow: 0 0 1px 0 rgba(0,0,0,0.5),0 1px 10px 0 rgba(0,0,0,0.15); margin: 1px; max-width: 540px; min-width: 326px; padding: 0; width: calc(100% - 2px);\" data-instgrm-captioned=\"\" data-instgrm-permalink=\"https:\/\/www.instagram.com\/p\/DPe2jmGEcI9\/?utm_source=ig_embed&amp;utm_campaign=loading\" data-instgrm-version=\"14\"><p>&#13;<br \/>\n&#13;\n<\/p><\/blockquote>\n<p>            <script async src=\"https:\/\/platform.twitter.com\/widgets.js\" charset=\"utf-8\"><\/script><script async src=\"\/\/www.instagram.com\/embed.js\"><\/script><\/p>\n","protected":false},"excerpt":{"rendered":"Humberto Carr\u00e3o beijou uma colega de elenco de Vale Tudo (Globo) durante um dos encontros promovidos pelos atores&hellip;\n","protected":false},"author":2,"featured_media":102563,"comment_status":"","ping_status":"","sticky":false,"template":"","format":"standard","meta":{"footnotes":""},"categories":[142],"tags":[2925,114,115,2814,32,33,151,2154],"class_list":{"0":"post-102562","1":"post","2":"type-post","3":"status-publish","4":"format-standard","5":"has-post-thumbnail","7":"category-tv","8":"tag-edvana-carvalho","9":"tag-entertainment","10":"tag-entretenimento","11":"tag-humberto-carrao","12":"tag-portugal","13":"tag-pt","14":"tag-tv","15":"tag-vale-tudo"},"share_on_mastodon":{"url":"","error":""},"_links":{"self":[{"href":"https:\/\/www.europesays.com\/pt\/wp-json\/wp\/v2\/posts\/102562","targetHints":{"allow":["GET"]}}],"collection":[{"href":"https:\/\/www.europesays.com\/pt\/wp-json\/wp\/v2\/posts"}],"about":[{"href":"https:\/\/www.europesays.com\/pt\/wp-json\/wp\/v2\/types\/post"}],"author":[{"embeddable":true,"href":"https:\/\/www.europesays.com\/pt\/wp-json\/wp\/v2\/users\/2"}],"replies":[{"embeddable":true,"href":"https:\/\/www.europesays.com\/pt\/wp-json\/wp\/v2\/comments?post=102562"}],"version-history":[{"count":0,"href":"https:\/\/www.europesays.com\/pt\/wp-json\/wp\/v2\/posts\/102562\/revisions"}],"wp:featuredmedia":[{"embeddable":true,"href":"https:\/\/www.europesays.com\/pt\/wp-json\/wp\/v2\/media\/102563"}],"wp:attachment":[{"href":"https:\/\/www.europesays.com\/pt\/wp-json\/wp\/v2\/media?parent=102562"}],"wp:term":[{"taxonomy":"category","embeddable":true,"href":"https:\/\/www.europesays.com\/pt\/wp-json\/wp\/v2\/categories?post=102562"},{"taxonomy":"post_tag","embeddable":true,"href":"https:\/\/www.europesays.com\/pt\/wp-json\/wp\/v2\/tags?post=102562"}],"curies":[{"name":"wp","href":"https:\/\/api.w.org\/{rel}","templated":true}]}}