{"id":102566,"date":"2025-10-08T19:56:09","date_gmt":"2025-10-08T19:56:09","guid":{"rendered":"https:\/\/www.europesays.com\/pt\/102566\/"},"modified":"2025-10-08T19:56:09","modified_gmt":"2025-10-08T19:56:09","slug":"no-mubi-a-obra-prima-de-krzysztof-kieslowski-premiada-no-festival-de-berlim","status":"publish","type":"post","link":"https:\/\/www.europesays.com\/pt\/102566\/","title":{"rendered":"No Mubi: a obra-prima de Krzysztof Kie\u015blowski premiada no Festival de Berlim"},"content":{"rendered":"<p>Segundo filme da Trilogia das Cores, de <a href=\"https:\/\/www.revistabula.com\/98969-a-obra-prima-de-krzysztof-kieslowski-chegou-ao-reserva-imovision-uma-aula-sobre-amadurecimento-e-solidao\/\" rel=\"nofollow noopener\" target=\"_blank\">Krzysztof <\/a><a href=\"https:\/\/www.revistabula.com\/98969-a-obra-prima-de-krzysztof-kieslowski-chegou-ao-reserva-imovision-uma-aula-sobre-amadurecimento-e-solidao\/\" target=\"_blank\" rel=\"noreferrer noopener nofollow\">Kie\u015blowski<\/a>, \u201cA Igualdade \u00e9 Branca\u201d narra a hist\u00f3ria de Karol (Zbigniew Zamachowski), um cabeleireiro polon\u00eas que vive em Paris e \u00e9 casado com Dominique (Julie Delpy). No entanto, seu casamento desmorona porque a rela\u00e7\u00e3o n\u00e3o foi consumada desde a troca de alian\u00e7as. \u00c9 que Karol n\u00e3o consegue ter uma ere\u00e7\u00e3o, deixando a esposa frustrada e brava. Ela exige o div\u00f3rcio e fica com todos os bens dele, deixando-o na rua, sem at\u00e9 mesmo o passaporte para retornar \u00e0 Pol\u00f4nia.<\/p>\n<p>Na sarjeta, ele conhece Miko\u0142aj (Janusz Gajos), que se torna um grande amigo e o ajuda a retornar ao seu pa\u00eds. Em um tom quase humor\u00edstico, a jornada humilhante do imigrante Karol, empobrecido em Paris, e seu retorno vitorioso \u00e0 Vars\u00f3via acontecem de forma inusitada, conforme ele planeja e executa uma engenhosa vingan\u00e7a contra Dominique, por quem ainda \u00e9 apaixonado.<\/p>\n<p>Kie\u015blowski constr\u00f3i uma par\u00e1bola sobre igualdade, mas em termos de reciprocidade, j\u00e1 que a \u00e9tica e a moral n\u00e3o s\u00e3o levadas em considera\u00e7\u00e3o muito frequentemente por seus personagens. A inten\u00e7\u00e3o de Karol \u00e9 fazer com que Dominique se sinta t\u00e3o pequena, humilhada e vulner\u00e1vel quanto ele. No entanto, o que o cineasta prop\u00f5e aqui \u00e9 explicar, atrav\u00e9s de uma brincadeira amarga, as assimetrias entre o Leste e o Oeste europeu p\u00f3s-queda do Muro de Berlim. O emigrante est\u00e1 humilhado e seu recurso para recuperar a dignidade \u00e9 uma \u201cmalandragem\u201d. Na Europa, a igualdade \u00e9 ret\u00f3rica, segundo Kie\u015blowski.<\/p>\n<p>Todos os filmes de sua Trilogia das Cores \u2014 que, a prop\u00f3sito, foi seu \u00faltimo trabalho antes de sua morte \u2014 tecem cr\u00edticas \u00e0 Europa em termos pol\u00edticos. Se em \u201cA Liberdade \u00e9 Azul\u201d ele utilizou o tom tr\u00e1gico para falar da busca pela identidade da Fran\u00e7a, aqui \u00e9 para mostrar que a busca por justi\u00e7a e igualdade muitas vezes implica perder a humanidade e a moralidade. O sucesso pessoal \u00e9, muitas vezes, alcan\u00e7ado com trapa\u00e7a, manipula\u00e7\u00e3o e vingan\u00e7a. Kie\u015blowski mais ri do liberalismo do que o cultua. Karol \u00e9 um reflexo da Pol\u00f4nia depois da era comunista. O personagem lucra, manipula e explora a vulnerabilidade dos outros, aproveitando-se do mercado, que funciona como arena de uma competi\u00e7\u00e3o desigual, n\u00e3o de justi\u00e7a.<\/p>\n<p>Enquanto isso, Dominique representa a Fran\u00e7a: privilegiada, imp\u00f5e suas vontades, acusa, abandona, submete o imigrante a uma humilha\u00e7\u00e3o jur\u00eddica, banc\u00e1ria, cultural e burocr\u00e1tica. H\u00e1, claramente, um desequil\u00edbrio de poder. Karol, ao comprar terras, tornar-se um empres\u00e1rio e \u201creconstruir\u201d o muro da casa por querer que ele seja 4 cm mais alto, encarna a recupera\u00e7\u00e3o de poder e controle no capitalismo emergente de pa\u00edses como a Pol\u00f4nia. Kie\u015blowski conclui, em \u201cA Igualdade \u00e9 Branca\u201d, que a moralidade \u00e9 fluida e o sucesso pode criar novos vazios e novas formas de desigualdade.<\/p>\n<p>\n<strong>Filme: <\/strong><br \/>\nA Igualdade \u00e9 Branca<\/p>\n<p>\n<strong>Diretor: <\/strong><\/p>\n<p>Krzysztof Kie\u015blowski                <\/p>\n<p>\n<strong>Ano: <\/strong><br \/>\n1994<\/p>\n<p>\n<strong>G\u00eanero: <\/strong><br \/>\nCom\u00e9dia\/Drama<\/p>\n<p>\n<strong>Avalia\u00e7\u00e3o: <\/strong><\/p>\n<p>9\/10<br \/>\n1<br \/>\n1<\/p>\n<p>Fer Kalaoun<\/p>\n<p>\n\u2605\u2605\u2605\u2605\u2605\u2605\u2605\u2605\u2605\u2605<\/p>\n","protected":false},"excerpt":{"rendered":"Segundo filme da Trilogia das Cores, de Krzysztof Kie\u015blowski, \u201cA Igualdade \u00e9 Branca\u201d narra a hist\u00f3ria de Karol&hellip;\n","protected":false},"author":2,"featured_media":102567,"comment_status":"","ping_status":"","sticky":false,"template":"","format":"standard","meta":{"footnotes":""},"categories":[140],"tags":[114,115,147,148,146,18526,32,33],"class_list":{"0":"post-102566","1":"post","2":"type-post","3":"status-publish","4":"format-standard","5":"has-post-thumbnail","7":"category-filmes","8":"tag-entertainment","9":"tag-entretenimento","10":"tag-film","11":"tag-filmes","12":"tag-movies","13":"tag-mubi","14":"tag-portugal","15":"tag-pt"},"share_on_mastodon":{"url":"","error":""},"_links":{"self":[{"href":"https:\/\/www.europesays.com\/pt\/wp-json\/wp\/v2\/posts\/102566","targetHints":{"allow":["GET"]}}],"collection":[{"href":"https:\/\/www.europesays.com\/pt\/wp-json\/wp\/v2\/posts"}],"about":[{"href":"https:\/\/www.europesays.com\/pt\/wp-json\/wp\/v2\/types\/post"}],"author":[{"embeddable":true,"href":"https:\/\/www.europesays.com\/pt\/wp-json\/wp\/v2\/users\/2"}],"replies":[{"embeddable":true,"href":"https:\/\/www.europesays.com\/pt\/wp-json\/wp\/v2\/comments?post=102566"}],"version-history":[{"count":0,"href":"https:\/\/www.europesays.com\/pt\/wp-json\/wp\/v2\/posts\/102566\/revisions"}],"wp:featuredmedia":[{"embeddable":true,"href":"https:\/\/www.europesays.com\/pt\/wp-json\/wp\/v2\/media\/102567"}],"wp:attachment":[{"href":"https:\/\/www.europesays.com\/pt\/wp-json\/wp\/v2\/media?parent=102566"}],"wp:term":[{"taxonomy":"category","embeddable":true,"href":"https:\/\/www.europesays.com\/pt\/wp-json\/wp\/v2\/categories?post=102566"},{"taxonomy":"post_tag","embeddable":true,"href":"https:\/\/www.europesays.com\/pt\/wp-json\/wp\/v2\/tags?post=102566"}],"curies":[{"name":"wp","href":"https:\/\/api.w.org\/{rel}","templated":true}]}}