{"id":102570,"date":"2025-10-08T19:58:08","date_gmt":"2025-10-08T19:58:08","guid":{"rendered":"https:\/\/www.europesays.com\/pt\/102570\/"},"modified":"2025-10-08T19:58:08","modified_gmt":"2025-10-08T19:58:08","slug":"uso-de-cosmeticos-em-criancas-pode-desregular-hormonios-e-provocar-puberdade-precoce","status":"publish","type":"post","link":"https:\/\/www.europesays.com\/pt\/102570\/","title":{"rendered":"Uso de cosm\u00e9ticos em crian\u00e7as pode desregular horm\u00f4nios e provocar puberdade precoce"},"content":{"rendered":"<p>Voc\u00ea sabia que produtos de uso cotidiano, como shampoos, cremes, maquiagens e perfumes, podem alterar os horm\u00f4nios de uma crian\u00e7a? Um estudo realizado na Universidade de Passo Fundo (UPF) chama aten\u00e7\u00e3o para os efeitos da exposi\u00e7\u00e3o precoce a cosm\u00e9ticos, um fen\u00f4meno impulsionado pela populariza\u00e7\u00e3o de <a href=\"https:\/\/www.correiodopovo.com.br\/bellamais\/comportamento\/o-que-estamos-ensinando-para-nossas-meninas-1.1632031\" target=\"_blank\" rel=\"nofollow noopener\"><strong>rotinas de beleza infantil nas redes sociais<\/strong><\/a>.<\/p>\n<p>A pesquisa aponta que o contato com essas subst\u00e2ncias pode desencadear desregula\u00e7\u00f5es hormonais e at\u00e9 puberdade precoce.<\/p>\n<p>Segundo os especialistas, a pele infantil \u00e9 mais fina e apresenta uma maior propor\u00e7\u00e3o entre superf\u00edcie e massa corporal, o que intensifica a absor\u00e7\u00e3o de subst\u00e2ncias qu\u00edmicas. Al\u00e9m disso, f\u00edgado e rins ainda est\u00e3o em processo de matura\u00e7\u00e3o, o que reduz a capacidade de eliminar toxinas.<\/p>\n<p>O sistema end\u00f3crino, respons\u00e1vel por regular a puberdade e o desenvolvimento neurol\u00f3gico, tamb\u00e9m n\u00e3o est\u00e1 completamente formado, o que facilita a a\u00e7\u00e3o de compostos que imitam ou bloqueiam horm\u00f4nios naturais, como ftalatos, bisfenol A (BPA) e <a href=\"https:\/\/www.correiodopovo.com.br\/bellamais\/modaebeleza\/ingredientes-limpos-ou-greenwashing-saiba-como-reconhecer-um-cosm%C3%A9tico-realmente-natural-1.1614984\" target=\"_blank\" rel=\"nofollow noopener\"><strong>parabenos<\/strong><\/a>, que interferem na fun\u00e7\u00e3o hormonal, conhecidos como disruptores end\u00f3crinos.<\/p>\n<p>Ana J\u00falia Schiavon Zanin, estudante de Medicina da UPF e respons\u00e1vel pelo estudo, alerta que a exposi\u00e7\u00e3o de crian\u00e7as a esses componentes presentes em cosm\u00e9ticos pode comprometer a matura\u00e7\u00e3o puberal, a fun\u00e7\u00e3o tireoidiana e o metabolismo, elevando os riscos \u00e0 sa\u00fade.<\/p>\n<blockquote>\n<p>\u201cOs pais devem evitar que seus filhos utilizem produtos com parabenos, ftalatos e bisfenol A, e os \u00f3rg\u00e3os reguladores precisam exigir r\u00f3tulos claros indicando a presen\u00e7a desses qu\u00edmicos, para que a popula\u00e7\u00e3o possa fazer escolhas mais seguras\u201d, adverte.<\/p>\n<\/blockquote>\n<p>A estudante destaca ainda que m\u00e9dicos e profissionais de sa\u00fade devem estar atentos a esses riscos e instruir as fam\u00edlias sobre a escolha de produtos mais seguros, apesar das lacunas de conhecimento e dos desafios regulat\u00f3rios.<\/p>\n<p>\u201cA pesquisa cont\u00ednua \u00e9 fundamental para identificar essas subst\u00e2ncias e seus mecanismos, bem como desenvolver estrat\u00e9gias de preven\u00e7\u00e3o mais eficazes\u201d, afirma.<\/p>\n<p>O estudo foi realizado a partir de uma revis\u00e3o bibliogr\u00e1fica em bases de dados como Pubmed, SciELO e UpToDate. Conforme Andressa Van Riedel, professora da Faculdade de Medicina da UPF e orientadora de Ana J\u00falia, a pesquisa est\u00e1 sendo aprofundada para divulga\u00e7\u00e3o na literatura m\u00e9dica.<\/p>\n<p>Veja Tamb\u00e9m<br \/>\nComponentes que interferem na fun\u00e7\u00e3o hormonal <\/p>\n<p><strong>\ud83d\udc49 Bisfenol A (BPA): <\/strong>encontrado em embalagens pl\u00e1sticas, antigas mamadeiras e revestimentos internos de lata, que podem migrar desses materiais para alimentos, especialmente quando h\u00e1 aquecimento (como ao usar potes pl\u00e1sticos no <a href=\"https:\/\/www.correiodopovo.com.br\/bellamais\/saudefeminina\/7-dicas-para-aquecer-corretamente-os-alimentos-no-micro-ondas-1.1656327\" target=\"_blank\" rel=\"nofollow noopener\"><strong>micro-ondas<\/strong><\/a>). Assim, a principal via de exposi\u00e7\u00e3o \u00e9 a oral. No entanto, tamb\u00e9m pode ocorrer absor\u00e7\u00e3o pela pele, especialmente quando o BPA est\u00e1 presente em cosm\u00e9ticos, afetando a regula\u00e7\u00e3o hormonal.<\/p>\n<p><strong>\ud83d\udc49 Ftalatos: <\/strong>comuns em fragr\u00e2ncias e pl\u00e1sticos, est\u00e3o relacionados a altera\u00e7\u00f5es na <a href=\"https:\/\/www.correiodopovo.com.br\/bellamais\/saudefeminina\/implante-hormonal-ou-anabolizante-entenda-os-riscos-dos-metodos-para-a-saude-1.1653889\" target=\"_blank\" rel=\"nofollow noopener\"><strong>testosterona<\/strong><\/a> e outros horm\u00f4nios masculinos. Reduzem a produ\u00e7\u00e3o de andr\u00f3genos nos test\u00edculos e, em alguns tecidos, podem agir como agonistas ou antagonistas de receptores estrog\u00eanicos. Isso significa que podem tanto bloquear quanto imitar horm\u00f4nios sexuais, dependendo do contexto.<\/p>\n<p>Em meninos, a exposi\u00e7\u00e3o pode estar associada a atraso puberal ou diminui\u00e7\u00e3o da dist\u00e2ncia anogenital (um marcador de interfer\u00eancia hormonal). Em meninas, pode causar puberdade precoce, antecipando o desenvolvimento das mamas.<\/p>\n<p>Ainda interferem na fun\u00e7\u00e3o da tireoide, alterando os n\u00edveis dos horm\u00f4nios T3, T4 e TSH, o que pode impactar o crescimento e o desenvolvimento neurol\u00f3gico. A exposi\u00e7\u00e3o cr\u00f4nica est\u00e1 ligada ao aumento do risco cardiometab\u00f3lico, como obesidade, resist\u00eancia \u00e0 insulina, dislipidemia e hipertens\u00e3o, devido \u00e0 desregula\u00e7\u00e3o hormonal e ao aumento da inflama\u00e7\u00e3o sist\u00eamica.<\/p>\n<p><strong>\ud83d\udc49 Parabenos: <\/strong>conservantes amplamente usados, com a\u00e7\u00e3o semelhante ao estrog\u00eanio. Tamb\u00e9m interferem na fun\u00e7\u00e3o da tireoide, ao competir com os horm\u00f4nios T3 e T4 pelas prote\u00ednas transportadoras e receptores, o que prejudica o crescimento, o metabolismo e o desenvolvimento cerebral. No tecido adiposo, estimulam a forma\u00e7\u00e3o de novas c\u00e9lulas de gordura e contribui para resist\u00eancia \u00e0 insulina, aumentando o risco de <a href=\"https:\/\/www.correiodopovo.com.br\/bellamais\/saudefeminina\/tratar-a-obesidade-infantil-reduz-risco-de-doen%C3%A7as-cr%C3%B4nicas-na-vida-adulta-1.1594397\" target=\"_blank\" rel=\"nofollow noopener\"><strong>obesidade<\/strong><\/a> e diabetes tipo 2. Em meninas, essa a\u00e7\u00e3o estrog\u00eanica pode causar telarca precoce, ou seja, o aparecimento antecipado das mamas.<\/p>\n","protected":false},"excerpt":{"rendered":"Voc\u00ea sabia que produtos de uso cotidiano, como shampoos, cremes, maquiagens e perfumes, podem alterar os horm\u00f4nios de&hellip;\n","protected":false},"author":2,"featured_media":102571,"comment_status":"","ping_status":"","sticky":false,"template":"","format":"standard","meta":{"footnotes":""},"categories":[86],"tags":[1061,24864,15615,116,9293,24865,32,33,117],"class_list":{"0":"post-102570","1":"post","2":"type-post","3":"status-publish","4":"format-standard","5":"has-post-thumbnail","7":"category-saude","8":"tag-bella-mais","9":"tag-cosmesticos","10":"tag-criancas-e-adolescentes","11":"tag-health","12":"tag-hormonios","13":"tag-pantenol","14":"tag-portugal","15":"tag-pt","16":"tag-saude"},"share_on_mastodon":{"url":"","error":""},"_links":{"self":[{"href":"https:\/\/www.europesays.com\/pt\/wp-json\/wp\/v2\/posts\/102570","targetHints":{"allow":["GET"]}}],"collection":[{"href":"https:\/\/www.europesays.com\/pt\/wp-json\/wp\/v2\/posts"}],"about":[{"href":"https:\/\/www.europesays.com\/pt\/wp-json\/wp\/v2\/types\/post"}],"author":[{"embeddable":true,"href":"https:\/\/www.europesays.com\/pt\/wp-json\/wp\/v2\/users\/2"}],"replies":[{"embeddable":true,"href":"https:\/\/www.europesays.com\/pt\/wp-json\/wp\/v2\/comments?post=102570"}],"version-history":[{"count":0,"href":"https:\/\/www.europesays.com\/pt\/wp-json\/wp\/v2\/posts\/102570\/revisions"}],"wp:featuredmedia":[{"embeddable":true,"href":"https:\/\/www.europesays.com\/pt\/wp-json\/wp\/v2\/media\/102571"}],"wp:attachment":[{"href":"https:\/\/www.europesays.com\/pt\/wp-json\/wp\/v2\/media?parent=102570"}],"wp:term":[{"taxonomy":"category","embeddable":true,"href":"https:\/\/www.europesays.com\/pt\/wp-json\/wp\/v2\/categories?post=102570"},{"taxonomy":"post_tag","embeddable":true,"href":"https:\/\/www.europesays.com\/pt\/wp-json\/wp\/v2\/tags?post=102570"}],"curies":[{"name":"wp","href":"https:\/\/api.w.org\/{rel}","templated":true}]}}