{"id":102578,"date":"2025-10-08T20:04:09","date_gmt":"2025-10-08T20:04:09","guid":{"rendered":"https:\/\/www.europesays.com\/pt\/102578\/"},"modified":"2025-10-08T20:04:09","modified_gmt":"2025-10-08T20:04:09","slug":"nuno-mendes-e-fantastico-talvez-seja-o-melhor-da-atualidade","status":"publish","type":"post","link":"https:\/\/www.europesays.com\/pt\/102578\/","title":{"rendered":"\u00abNuno Mendes \u00e9 fant\u00e1stico, talvez seja o melhor da atualidade\u00bb"},"content":{"rendered":"<p>Ap\u00f3s a abertura do <a class=\"autolink-enabled\" data-resource-id=\"1651\" data-resource-type=\"team\" data-sport=\"football\" href=\"https:\/\/www.abola.pt\/futebol\/portugal-1651\" rel=\"nofollow noopener\" target=\"_blank\">Portugal<\/a> Football Summit, na Cidade do Futebol, o presidente da UEFA, Aleksander Ceferin, protagonizou um painel no evento e elegeu o internacional portugu\u00eas <a class=\"autolink-enabled\" data-resource-id=\"222184\" data-resource-type=\"player\" data-sport=\"football\" href=\"https:\/\/www.abola.pt\/futebol\/jogador\/nuno-mendes-222184\" rel=\"nofollow noopener\" target=\"_blank\">Nuno Mendes<\/a> como, \u00abtalvez\u00bb, \u00abo melhor jogador da atualidade\u00bb.<\/p>\n<p>\u00ab<a class=\"autolink-enabled\" data-resource-id=\"222184\" data-resource-type=\"player\" data-sport=\"football\" href=\"https:\/\/www.abola.pt\/futebol\/jogador\/nuno-mendes-222184\" rel=\"nofollow noopener\" target=\"_blank\">Nuno Mendes<\/a> \u00e9 fant\u00e1stico. Talvez seja o melhor jogador da atualidade, mas a sua posi\u00e7\u00e3o n\u00e3o \u00e9 t\u00e3o apreciada como a dos que marcam. H\u00e1 <a class=\"autolink-enabled\" data-resource-id=\"254241\" data-resource-type=\"player\" data-sport=\"football\" href=\"https:\/\/www.abola.pt\/futebol\/jogador\/joao-neves-254241\" rel=\"nofollow noopener\" target=\"_blank\">Jo\u00e3o Neves<\/a>, <a class=\"autolink-enabled\" data-resource-id=\"210023\" data-resource-type=\"player\" data-sport=\"football\" href=\"https:\/\/www.abola.pt\/futebol\/jogador\/vitinha-210023\" rel=\"nofollow noopener\" target=\"_blank\">Vitinha<\/a>, o meu central favorito, <a class=\"autolink-enabled\" data-resource-id=\"82491\" data-resource-type=\"player\" data-sport=\"football\" href=\"https:\/\/www.abola.pt\/futebol\/jogador\/ruben-dias-82491\" rel=\"nofollow noopener\" target=\"_blank\">R\u00faben Dias<\/a>, mas n\u00e3o queria dizer nomes, ainda me esque\u00e7o de algu\u00e9m. \u00c9 impressionante o que voc\u00eas [Portugal] fazem, n\u00e3o \u00e9 s\u00f3 talento e trabalho duro, os outros tamb\u00e9m o fazem. H\u00e1 qualquer coisa mais, espero descobrir antes de deixar a presid\u00eancia da UEFA\u201d, elogiou o presidente da UEFA.<\/p>\n<p>Aleksander Ceferin, respons\u00e1vel pelo \u00f3rg\u00e3o m\u00e1ximo do futebol europeu h\u00e1 nove anos, considerou Cristiano Ronaldo \u00abo maior promotor de Portugal do mundo\u00bb, e sem hesitar, colocou o astro portugu\u00eas entre \u00abum dos tr\u00eas grandes nomes do futebol de todos os tempos\u00bb.<\/p>\n<p>\u00abAcho que [<a class=\"autolink-enabled\" data-resource-id=\"3400\" data-resource-type=\"player\" data-sport=\"football\" href=\"https:\/\/www.abola.pt\/futebol\/jogador\/cristiano-ronaldo-3400\" rel=\"nofollow noopener\" target=\"_blank\">Cristiano Ronaldo<\/a>] \u00e9, de longe, o maior promotor de <a class=\"autolink-enabled\" data-resource-id=\"1651\" data-resource-type=\"team\" data-sport=\"football\" href=\"https:\/\/www.abola.pt\/futebol\/portugal-1651\" rel=\"nofollow noopener\" target=\"_blank\">Portugal<\/a> no mundo, nunca vi ningu\u00e9m t\u00e3o competitivo, ele n\u00e3o quer parar, quer continuar a competir. \u00c9 impressionante o que conseguiu, acho que precisar\u00edamos de duas horas de conversa para explicar tudo. Tenho um grande respeito por ele enquanto pessoa e futebolista e tamb\u00e9m sabemos o que faz em a\u00e7\u00f5es solid\u00e1rias, que n\u00e3o precisava de fazer e faz. \u00c9 um dos tr\u00eas grandes nomes do futebol de todos os tempos\u00bb, afirmou o esloveno.<\/p>\n","protected":false},"excerpt":{"rendered":"Ap\u00f3s a abertura do Portugal Football Summit, na Cidade do Futebol, o presidente da UEFA, Aleksander Ceferin, protagonizou&hellip;\n","protected":false},"author":2,"featured_media":102579,"comment_status":"","ping_status":"","sticky":false,"template":"","format":"standard","meta":{"footnotes":""},"categories":[8],"tags":[27,28,15,16,14,25,26,21,22,12,13,19,20,32,23,24,33,17,18,29,30,31],"class_list":{"0":"post-102578","1":"post","2":"type-post","3":"status-publish","4":"format-standard","5":"has-post-thumbnail","7":"category-principais-noticias","8":"tag-breaking-news","9":"tag-breakingnews","10":"tag-featured-news","11":"tag-featurednews","12":"tag-headlines","13":"tag-latest-news","14":"tag-latestnews","15":"tag-main-news","16":"tag-mainnews","17":"tag-news","18":"tag-noticias","19":"tag-noticias-principais","20":"tag-noticiasprincipais","21":"tag-portugal","22":"tag-principais-noticias","23":"tag-principaisnoticias","24":"tag-pt","25":"tag-top-stories","26":"tag-topstories","27":"tag-ultimas","28":"tag-ultimas-noticias","29":"tag-ultimasnoticias"},"share_on_mastodon":{"url":"","error":""},"_links":{"self":[{"href":"https:\/\/www.europesays.com\/pt\/wp-json\/wp\/v2\/posts\/102578","targetHints":{"allow":["GET"]}}],"collection":[{"href":"https:\/\/www.europesays.com\/pt\/wp-json\/wp\/v2\/posts"}],"about":[{"href":"https:\/\/www.europesays.com\/pt\/wp-json\/wp\/v2\/types\/post"}],"author":[{"embeddable":true,"href":"https:\/\/www.europesays.com\/pt\/wp-json\/wp\/v2\/users\/2"}],"replies":[{"embeddable":true,"href":"https:\/\/www.europesays.com\/pt\/wp-json\/wp\/v2\/comments?post=102578"}],"version-history":[{"count":0,"href":"https:\/\/www.europesays.com\/pt\/wp-json\/wp\/v2\/posts\/102578\/revisions"}],"wp:featuredmedia":[{"embeddable":true,"href":"https:\/\/www.europesays.com\/pt\/wp-json\/wp\/v2\/media\/102579"}],"wp:attachment":[{"href":"https:\/\/www.europesays.com\/pt\/wp-json\/wp\/v2\/media?parent=102578"}],"wp:term":[{"taxonomy":"category","embeddable":true,"href":"https:\/\/www.europesays.com\/pt\/wp-json\/wp\/v2\/categories?post=102578"},{"taxonomy":"post_tag","embeddable":true,"href":"https:\/\/www.europesays.com\/pt\/wp-json\/wp\/v2\/tags?post=102578"}],"curies":[{"name":"wp","href":"https:\/\/api.w.org\/{rel}","templated":true}]}}