{"id":102582,"date":"2025-10-08T20:07:09","date_gmt":"2025-10-08T20:07:09","guid":{"rendered":"https:\/\/www.europesays.com\/pt\/102582\/"},"modified":"2025-10-08T20:07:09","modified_gmt":"2025-10-08T20:07:09","slug":"museu-de-arte-popular-da-paraiba-sedia-lancamento-do-livro-etarismo-a-idade-nao-define-as-pessoas","status":"publish","type":"post","link":"https:\/\/www.europesays.com\/pt\/102582\/","title":{"rendered":"Museu de Arte Popular da Para\u00edba sedia lan\u00e7amento do livro \u201cEtarismo \u2013 A idade n\u00e3o define as pessoas\u201d"},"content":{"rendered":"<p>                Museu de Arte Popular da Para\u00edba sedia lan\u00e7amento do livro \u201cEtarismo \u2013 A idade n\u00e3o define as pessoas\u201d<\/p>\n<p>&#13;<br \/>\n                             8 de outubro de 2025 &#13;\n                         <\/p>\n<p>Nesta sexta-feira (10), a partir das 19h, o Museu de Arte Popular da Para\u00edba (MAPP) da Universidade Estadual da Para\u00edba (UEPB), em Campina Grande, sedia o lan\u00e7amento do livro \u201cEtarismo \u2013 A idade n\u00e3o define as pessoas\u201d, da consultora empresarial e palestrante Rosenilda Carvalho. A entrada \u00e9 franca.<\/p>\n<p>A publica\u00e7\u00e3o sai pela Editora Ideia e conta com 172 p\u00e1ginas. Dividido em 17 cap\u00edtulos, o livro percorre assuntos como atendimento preferencial, mercado de trabalho para maiores de 60 anos, h\u00e1bitos de consumo a partir desta faixa et\u00e1ria, cuidados com a pessoa idosa, acessibilidade, atividade f\u00edsica e intera\u00e7\u00e3o social, sa\u00fade, est\u00e9tica e moda, prop\u00f3sito na terceira idade, finan\u00e7as e planejamento, rela\u00e7\u00f5es intergeracionais e o papel das fam\u00edlias, sexualidade na longevidade, e previd\u00eancia social e aposentadoria.<\/p>\n<p>O primeiro livro de Rosenilda data de 2024 \u2014 \u201cSuperando Limites\u201d, resultado de uma coautoria. Tamb\u00e9m publicou um e-book intitulado \u201cDesenvolvendo Lideran\u00e7a Estrat\u00e9gica para o Sucesso Empresarial\u201d. \u201cO que me motivou a escrever acerca do etarismo foi receber depoimentos das pessoas, porque fiquei sabendo de algo que aconteceu relacionado a isso. Da\u00ed pedi que entrassem em contato comigo, via rede social, caso j\u00e1 houvessem sofrido preconceito. Em uma semana, recebi mais de 50 mensagens, decidindo, assim, abordar o tema, trazendo hist\u00f3rias reais. Em um ano, conclu\u00ed o projeto\u201d, informou.<\/p>\n<p>Basicamente, Rosenilda destaca que aqueles que s\u00e3o alvo de preconceito precisam se posicionar e que o amor pr\u00f3prio \u00e9 um diferencial. \u201cAl\u00e9m disso, para potencializar o bem-estar nesse per\u00edodo da vida, \u00e9 importante privilegiar o movimento, praticar atividades f\u00edsicas, dispor de uma rede ampla de relacionamentos e, nesse sentido, \u00e9 buscar de fato o conv\u00edvio, que a pessoa n\u00e3o se isole\u201d, enumerou.<\/p>\n<p>No pref\u00e1cio, o especialista em Marketing, Vendas e Posicionamento Estrat\u00e9gico, Mois\u00e9s Ramos, diz que a escrita de Rosenilda \u00e9 corajosa e necess\u00e1ria. \u201cAo falar sobre o tema, um dos preconceitos mais silenciosos e normalizados da sociedade, ela nos convida a observar melhor as fases da exist\u00eancia e a reconhecer o valor inestim\u00e1vel das experi\u00eancias de quem j\u00e1 viveu tanto e segue tendo muito o que viver e a oferecer\u201d, explica.<\/p>\n<p>Rosenilda Carvalho Ramos \u00e9 formada em Gest\u00e3o Estrat\u00e9gica pela Universidade do Sul de Santa Catarina (UniSul), com p\u00f3s-gradua\u00e7\u00e3o em Psicopedagogia, e em Educa\u00e7\u00e3o e Desenvolvimento Humano. Trabalhou na Caixa Econ\u00f4mica Federal (CEF) por 32 anos, em 46 unidades e estados do Nordeste, em fun\u00e7\u00f5es t\u00e9cnicas e gerenciais. Tem v\u00e1rias participa\u00e7\u00f5es em peri\u00f3dicos, a exemplo da Revista Destaques do Nordeste e, na atualidade, trabalha como corretora de im\u00f3veis e palestrante em eventos empresariais e ligados \u00e0 autoestima e longevidade.<\/p>\n<p><strong><img fetchpriority=\"high\" decoding=\"async\" data-attachment-id=\"102928\" data-permalink=\"https:\/\/uepb.edu.br\/museu-de-arte-popular-da-paraiba-sedia-lancamento-do-livro-etarismo-a-idade-nao-define-as-pessoas\/livro-etarismo\/\" data-orig-file=\"https:\/\/www.europesays.com\/pt\/wp-content\/uploads\/2025\/10\/Livro-Etarismo.jpg\" data-orig-size=\"1080,1350\" data-comments-opened=\"0\" data-image-meta=\"{&quot;aperture&quot;:&quot;0&quot;,&quot;credit&quot;:&quot;&quot;,&quot;camera&quot;:&quot;&quot;,&quot;caption&quot;:&quot;&quot;,&quot;created_timestamp&quot;:&quot;0&quot;,&quot;copyright&quot;:&quot;&quot;,&quot;focal_length&quot;:&quot;0&quot;,&quot;iso&quot;:&quot;0&quot;,&quot;shutter_speed&quot;:&quot;0&quot;,&quot;title&quot;:&quot;&quot;,&quot;orientation&quot;:&quot;0&quot;}\" data-image-title=\"Livro \u2013 Etarismo\" data-image-description=\"\" data-image-caption=\"\" data-medium-file=\"https:\/\/uepb.edu.br\/wp-content\/uploads\/2025\/10\/Livro-Etarismo-240x300.jpg\" data-large-file=\"https:\/\/www.europesays.com\/pt\/wp-content\/uploads\/2025\/10\/Livro-Etarismo.jpg\" class=\"alignnone size-full wp-image-102928 img-responsive\" src=\"https:\/\/www.europesays.com\/pt\/wp-content\/uploads\/2025\/10\/Livro-Etarismo.jpg\" alt=\"\" width=\"1080\" height=\"1350\"  \/>Texto:<\/strong> Oziella Inoc\u00eancio<\/p>\n<p>Curtir isso:<\/p>\n<p>Curtir Carregando&#8230;<\/p>\n<p><a class=\"sd-link-color\"\/><\/p>\n<p>\n\tRelacionado<\/p>\n","protected":false},"excerpt":{"rendered":"Museu de Arte Popular da Para\u00edba sedia lan\u00e7amento do livro \u201cEtarismo \u2013 A idade n\u00e3o define as pessoas\u201d&hellip;\n","protected":false},"author":2,"featured_media":102583,"comment_status":"","ping_status":"","sticky":false,"template":"","format":"standard","meta":{"footnotes":""},"categories":[143],"tags":[169,114,115,170,32,33],"class_list":{"0":"post-102582","1":"post","2":"type-post","3":"status-publish","4":"format-standard","5":"has-post-thumbnail","7":"category-livros","8":"tag-books","9":"tag-entertainment","10":"tag-entretenimento","11":"tag-livros","12":"tag-portugal","13":"tag-pt"},"share_on_mastodon":{"url":"","error":""},"_links":{"self":[{"href":"https:\/\/www.europesays.com\/pt\/wp-json\/wp\/v2\/posts\/102582","targetHints":{"allow":["GET"]}}],"collection":[{"href":"https:\/\/www.europesays.com\/pt\/wp-json\/wp\/v2\/posts"}],"about":[{"href":"https:\/\/www.europesays.com\/pt\/wp-json\/wp\/v2\/types\/post"}],"author":[{"embeddable":true,"href":"https:\/\/www.europesays.com\/pt\/wp-json\/wp\/v2\/users\/2"}],"replies":[{"embeddable":true,"href":"https:\/\/www.europesays.com\/pt\/wp-json\/wp\/v2\/comments?post=102582"}],"version-history":[{"count":0,"href":"https:\/\/www.europesays.com\/pt\/wp-json\/wp\/v2\/posts\/102582\/revisions"}],"wp:featuredmedia":[{"embeddable":true,"href":"https:\/\/www.europesays.com\/pt\/wp-json\/wp\/v2\/media\/102583"}],"wp:attachment":[{"href":"https:\/\/www.europesays.com\/pt\/wp-json\/wp\/v2\/media?parent=102582"}],"wp:term":[{"taxonomy":"category","embeddable":true,"href":"https:\/\/www.europesays.com\/pt\/wp-json\/wp\/v2\/categories?post=102582"},{"taxonomy":"post_tag","embeddable":true,"href":"https:\/\/www.europesays.com\/pt\/wp-json\/wp\/v2\/tags?post=102582"}],"curies":[{"name":"wp","href":"https:\/\/api.w.org\/{rel}","templated":true}]}}