{"id":102584,"date":"2025-10-08T20:08:10","date_gmt":"2025-10-08T20:08:10","guid":{"rendered":"https:\/\/www.europesays.com\/pt\/102584\/"},"modified":"2025-10-08T20:08:10","modified_gmt":"2025-10-08T20:08:10","slug":"com-o-segredo-em-risco-vera-e-fabio-combinam-estrategia-comum-tvi-player","status":"publish","type":"post","link":"https:\/\/www.europesays.com\/pt\/102584\/","title":{"rendered":"Com o segredo em risco, Vera e F\u00e1bio combinam estrat\u00e9gia comum &#8211; TVI Player"},"content":{"rendered":"<ol>\n<li><a href=\"https:\/\/news.google.com\/rss\/articles\/CBMipAFBVV95cUxPTFF6Yi1kVG9TTm1mTThXUGF0NFBNLVZPdF83bzYtVWdkeENlX2V4UG1WeTZKdkhZbzVoMXpBZXBJQ0I0a0RiZjJXbV9aQ0ZFOGtQOFJUN0lUT3B0WVctZkJXdWR6eUEtb2tBODByc19CSXdBU1J5NnFTMV9nSl90cG5jb25GbmVoelFKQm5HZ1k1LUZjbnVnZlZNMnU4OW9xSXROeA?oc=5\" target=\"_blank\" rel=\"nofollow noopener\">Com o segredo em risco, Vera e F\u00e1bio combinam estrat\u00e9gia comum<\/a>&nbsp;&nbsp;TVI Player<\/li>\n<li><a href=\"https:\/\/news.google.com\/rss\/articles\/CBMijgFBVV95cUxNQkRMMkNodW9yOWlpOXU1MmJyNXRjOUlyM21ndkRQaGNMVExjZTZjNG5jOFZGQjZyYldxSDdfajd1endzalZYREdFcG1QMTF0dnozRVN2RDR2ZFE0WkxVNGdtNTV3aklKWGhVQVNhUVVWT0hyZktob2ZUU3BiT0FCVmk1eVQ1N1ZId3o2RE9R?oc=5\" target=\"_blank\" rel=\"nofollow noopener\">&#8216;Sirene dos segredos&#8217; toca na Casa dos Segredos e F\u00e1bio \u00e9 o \u00abalvo\u00bb<\/a>&nbsp;&nbsp;Dioguinho<\/li>\n<li><a href=\"https:\/\/news.google.com\/rss\/articles\/CBMiowFBVV95cUxPenBhNi1GaEwwRFNnYVFIQ0JtVVBzU2l6anJDYkMzejFiM3gzMThhX01jbFBTQXk5R2tmbDNsWGhnV1Fnd2w3MHZidDIwazl5d09uTHRQSklWV29rdVZIZ3FSR3lIYV9nRUdVNDdqNDA3RGxacDBYaG15VXlFV3lfOWdTZ1p4VkxwY3F0djNGNUVZcUNYaVlXSHc3SWNkRm1KVkJr0gGoAUFVX3lxTE1md0NncGtGUDZYMmJLc1U4eW1TNmZ5amRjS3pDbTlTcEhjR0RsalNIZHVfS2ZIbkxZUlRXMDdRS0FnS1hUT2pGZV85MXBKdVV3ZHhuaWtlaWZjRGx3OTgtSnpEdmtDbmtLc0xUU2I4WGNEQ2pmSHE1TmJiTEZHLU5YTzVUak5yX2ZHX0Fxblo0ZVJUMXRPM0N1R0t2Q2NDclpfMW40bFljZg?oc=5\" target=\"_blank\" rel=\"nofollow noopener\">F\u00e1bio leva dura san\u00e7\u00e3o da VOZ ap\u00f3s ter quebrado uma das regras b\u00e1sicas do jogo<\/a>&nbsp;&nbsp;Cusquices<\/li>\n<li><a href=\"https:\/\/news.google.com\/rss\/articles\/CBMi7AFBVV95cUxQRHE4NkxaaF92U2NZOEpYamY5UFFDTVFweENpcFk1aGdVZkZLd0h0ckxFWFZNclUtUWpBNjY1RVV2VVpzRmoyYnE5T3hBcnl6YkZPQ002X0ZiekxTMjU0UnVyUGpMeUVxX0JvX3BQQWpzM1YwRXhIZkdtcU5zVHRzWVlLMTY1dXNSekMyWml1WUJ0SlVfcFJpa1ZMX0hhVzRBemJjVlRMa3AzWGp5czRtMHYySk1tQm5KTGI5dEZHdnR6aEhZc2J0LWJydWZPb3RpcmdoU2kwaEFPM0NqWjRJWllKWmZMOVhkSkptUQ?oc=5\" target=\"_blank\" rel=\"nofollow noopener\">&#8220;Secret Story&#8221;. F\u00e1bio revela grande parte do seu segredo a Liliana e acaba sancionado. Saiba o que aconteceu<\/a>&nbsp;&nbsp;MAGG<\/li>\n<li><a href=\"https:\/\/news.google.com\/rss\/articles\/CBMirgFBVV95cUxNNnJ4Tm9KVXJfWnFmM3kxZW1kelhBck9lQldzYU95ai1JNno5N1BMZUdSck0yNS0zRVprT2ljM1IwTHJxcGFaaTlaNURXcWJRQ1JZSE9MRUwwQTBfMjhrLVRXay0tZG5ndGo2NXN5UnJlN1BDMkNFc2JLZmI1TnFMbkxhbEFSeE53eXg5SkY4dE85cXk3eHRHR00ySWxyQVJvMzFzdjZmVDFjNEFYQXc?oc=5\" target=\"_blank\" rel=\"nofollow noopener\">F\u00e1bio lavado em l\u00e1grimas no quarto: &#8220;Eu quando sou emocional perco o racioc\u00ednio&#8221;<\/a>&nbsp;&nbsp;A Televis\u00e3o<\/li>\n<\/ol>\n","protected":false},"excerpt":{"rendered":"Com o segredo em risco, Vera e F\u00e1bio combinam estrat\u00e9gia comum&nbsp;&nbsp;TVI Player &#8216;Sirene dos segredos&#8217; toca na Casa&hellip;\n","protected":false},"author":2,"featured_media":102585,"comment_status":"","ping_status":"","sticky":false,"template":"","format":"standard","meta":{"footnotes":""},"categories":[142],"tags":[114,115,19082,32,33,151,11841],"class_list":{"0":"post-102584","1":"post","2":"type-post","3":"status-publish","4":"format-standard","5":"has-post-thumbnail","7":"category-tv","8":"tag-entertainment","9":"tag-entretenimento","10":"tag-fabio","11":"tag-portugal","12":"tag-pt","13":"tag-tv","14":"tag-vera"},"share_on_mastodon":{"url":"","error":""},"_links":{"self":[{"href":"https:\/\/www.europesays.com\/pt\/wp-json\/wp\/v2\/posts\/102584","targetHints":{"allow":["GET"]}}],"collection":[{"href":"https:\/\/www.europesays.com\/pt\/wp-json\/wp\/v2\/posts"}],"about":[{"href":"https:\/\/www.europesays.com\/pt\/wp-json\/wp\/v2\/types\/post"}],"author":[{"embeddable":true,"href":"https:\/\/www.europesays.com\/pt\/wp-json\/wp\/v2\/users\/2"}],"replies":[{"embeddable":true,"href":"https:\/\/www.europesays.com\/pt\/wp-json\/wp\/v2\/comments?post=102584"}],"version-history":[{"count":0,"href":"https:\/\/www.europesays.com\/pt\/wp-json\/wp\/v2\/posts\/102584\/revisions"}],"wp:featuredmedia":[{"embeddable":true,"href":"https:\/\/www.europesays.com\/pt\/wp-json\/wp\/v2\/media\/102585"}],"wp:attachment":[{"href":"https:\/\/www.europesays.com\/pt\/wp-json\/wp\/v2\/media?parent=102584"}],"wp:term":[{"taxonomy":"category","embeddable":true,"href":"https:\/\/www.europesays.com\/pt\/wp-json\/wp\/v2\/categories?post=102584"},{"taxonomy":"post_tag","embeddable":true,"href":"https:\/\/www.europesays.com\/pt\/wp-json\/wp\/v2\/tags?post=102584"}],"curies":[{"name":"wp","href":"https:\/\/api.w.org\/{rel}","templated":true}]}}