{"id":102588,"date":"2025-10-08T20:10:13","date_gmt":"2025-10-08T20:10:13","guid":{"rendered":"https:\/\/www.europesays.com\/pt\/102588\/"},"modified":"2025-10-08T20:10:13","modified_gmt":"2025-10-08T20:10:13","slug":"poetico-e-sutil-filme-de-wim-wenders-na-netflix","status":"publish","type":"post","link":"https:\/\/www.europesays.com\/pt\/102588\/","title":{"rendered":"Po\u00e9tico e sutil, filme de Wim Wenders na Netflix"},"content":{"rendered":"<p>Indicado ao Oscar de Melhor Filme Internacional pelo Jap\u00e3o, \u201cDias Perfeitos\u201d \u00e9 dirigido n\u00e3o por um cineasta japon\u00eas, mas por<a href=\"https:\/\/www.revistabula.com\/74987-dias-perfeitos-de-wim-wenders-a-inexoravel-repeticao\/\" target=\"_blank\" rel=\"noreferrer noopener nofollow\"> Wim Wenders<\/a>, nascido na Alemanha. Isso faz do longa-metragem o primeiro do pa\u00eds a ser indicado ao pr\u00eamio da Academia tendo sido dirigido por um n\u00e3o nip\u00f4nico. Gravado ao longo de 17 dias, a ideia do enredo surgiu de um convite para que Wenders filmasse sanit\u00e1rios art\u00edsticos, o The Tokyo Toilet.<\/p>\n<p>Lan\u00e7ado 60 anos ap\u00f3s o filme \u201dA Rotina Tem Seu Encanto\u201d, do cineasta Yasujir\u00f4 Ozu, o protagonista leva, n\u00e3o coincidentemente, o mesmo nome do protagonista do filme de Ozu, Hirayama (K\u00f4shi Yakusho). A narrativa centrada no cotidiano, com cenas que valorizam a rotina, tamb\u00e9m \u00e9 uma das refer\u00eancias ao cl\u00e1ssico. J\u00e1 em compara\u00e7\u00e3o com a pr\u00f3pria obra de Wenders, \u201cDias Perfeitos\u201d reacende o interesse pela m\u00fasica e pela mem\u00f3ria. Ainda, segue um tom contemplativo e meditativo e, delicadamente, mostra com dignidade e orgulho um of\u00edcio comumente desvalorizado e at\u00e9 desprezado: o de limpador de banheiros.<\/p>\n<p>O enredo gira em torno de Hirayama, um homem na casa dos 50 anos, que limpa banheiros p\u00fablicos e mal fala dez palavras ao longo de mais de duas horas de filme. Seus dias s\u00e3o repetitivos, sua vida simpl\u00f3ria, seu of\u00edcio invis\u00edvel. N\u00e3o h\u00e1 nada de extraordin\u00e1rio acontecendo, mas, mesmo assim, Wenders captura a beleza da rotina, da simplicidade, do trivial. Hirayama \u00e9 um homem culto. Na parede de sua casa, uma estante abarrotada de livros e um m\u00f3dulo de madeira dedicado \u00e0s fitas cassete. Como ele quase n\u00e3o fala, a m\u00fasica \u00e9, para os espectadores, um GPS de suas emo\u00e7\u00f5es. Al\u00e9m disso, ele tem um certo fasc\u00ednio por plantas, fotografias anal\u00f3gicas e parece sentir plenitude quando o vento sopra em seu rosto enquanto anda de bicicleta.<\/p>\n<p>A vida \u00e9 a mais mon\u00f3tona e comum que se pode imaginar. Mesmo assim, o protagonista de Yakusho parece estar saboreando cada momento dela. Impressiona-se com pequenos gestos das pessoas ao seu redor, como a amizade entre seu ajudante Takashi (Tokio Hemoto) e um garotinho com trissomia, que simboliza a pureza; a chegada repentina de sua sobrinha Niko (Arisa Nakano), desordenando sua rotina, simbolizando um teste de sua serenidade; e Aya (Aoi Yamada), a garota da fita, que \u00e9 uma conex\u00e3o inesperada atrav\u00e9s da m\u00fasica. Outros personagens s\u00e3o inseridos na trama, cada um parecendo desafiar a tranquilidade do protagonista. Mesmo que cada um desses personagens \u201cinterrompa\u201d a frequ\u00eancia de Hirayama, colocando em \u201camea\u00e7a\u201d sua vis\u00edvel serenidade e modo de vida, quando eles se v\u00e3o, nada \u00e9 impactado.<\/p>\n<p>Com a apari\u00e7\u00e3o de Niko, um espa\u00e7o em branco sobre o passado de Hirayama \u00e9 revelado. Vindo de uma fam\u00edlia rica e controladora, ele decidiu tomar as r\u00e9deas de seu destino, abrir m\u00e3o da fortuna e se dedicar a uma vida simples, mas disciplinada, que parece satisfaz\u00ea-lo completamente. Al\u00e9m disso, o filme se mant\u00e9m sem contextualizar muito sobre os personagens propositalmente. Afinal, o intuito n\u00e3o \u00e9 explicar o passado, mas compreender que a efemeridade e os desvios acontecem naturalmente na vida. A beleza mora no instante.<\/p>\n<p>\n<strong>Filme: <\/strong><br \/>\nDias Perfeitos<\/p>\n<p>\n<strong>Diretor: <\/strong><\/p>\n<p>Wim Wenders                <\/p>\n<p>\n<strong>Ano: <\/strong><br \/>\n2023<\/p>\n<p>\n<strong>G\u00eanero: <\/strong><br \/>\nDrama<\/p>\n<p>\n<strong>Avalia\u00e7\u00e3o: <\/strong><\/p>\n<p>9\/10<br \/>\n1<br \/>\n1<\/p>\n<p>Fer Kalaoun<\/p>\n<p>\n\u2605\u2605\u2605\u2605\u2605\u2605\u2605\u2605\u2605\u2605<\/p>\n","protected":false},"excerpt":{"rendered":"Indicado ao Oscar de Melhor Filme Internacional pelo Jap\u00e3o, \u201cDias Perfeitos\u201d \u00e9 dirigido n\u00e3o por um cineasta japon\u00eas,&hellip;\n","protected":false},"author":2,"featured_media":102589,"comment_status":"","ping_status":"","sticky":false,"template":"","format":"standard","meta":{"footnotes":""},"categories":[140],"tags":[114,115,147,148,146,716,32,33],"class_list":{"0":"post-102588","1":"post","2":"type-post","3":"status-publish","4":"format-standard","5":"has-post-thumbnail","7":"category-filmes","8":"tag-entertainment","9":"tag-entretenimento","10":"tag-film","11":"tag-filmes","12":"tag-movies","13":"tag-netflix","14":"tag-portugal","15":"tag-pt"},"share_on_mastodon":{"url":"","error":""},"_links":{"self":[{"href":"https:\/\/www.europesays.com\/pt\/wp-json\/wp\/v2\/posts\/102588","targetHints":{"allow":["GET"]}}],"collection":[{"href":"https:\/\/www.europesays.com\/pt\/wp-json\/wp\/v2\/posts"}],"about":[{"href":"https:\/\/www.europesays.com\/pt\/wp-json\/wp\/v2\/types\/post"}],"author":[{"embeddable":true,"href":"https:\/\/www.europesays.com\/pt\/wp-json\/wp\/v2\/users\/2"}],"replies":[{"embeddable":true,"href":"https:\/\/www.europesays.com\/pt\/wp-json\/wp\/v2\/comments?post=102588"}],"version-history":[{"count":0,"href":"https:\/\/www.europesays.com\/pt\/wp-json\/wp\/v2\/posts\/102588\/revisions"}],"wp:featuredmedia":[{"embeddable":true,"href":"https:\/\/www.europesays.com\/pt\/wp-json\/wp\/v2\/media\/102589"}],"wp:attachment":[{"href":"https:\/\/www.europesays.com\/pt\/wp-json\/wp\/v2\/media?parent=102588"}],"wp:term":[{"taxonomy":"category","embeddable":true,"href":"https:\/\/www.europesays.com\/pt\/wp-json\/wp\/v2\/categories?post=102588"},{"taxonomy":"post_tag","embeddable":true,"href":"https:\/\/www.europesays.com\/pt\/wp-json\/wp\/v2\/tags?post=102588"}],"curies":[{"name":"wp","href":"https:\/\/api.w.org\/{rel}","templated":true}]}}