{"id":102590,"date":"2025-10-08T20:11:09","date_gmt":"2025-10-08T20:11:09","guid":{"rendered":"https:\/\/www.europesays.com\/pt\/102590\/"},"modified":"2025-10-08T20:11:09","modified_gmt":"2025-10-08T20:11:09","slug":"turquia-kerem-akturkoglu-arrisca-ate-12-jogos-de-suspensao","status":"publish","type":"post","link":"https:\/\/www.europesays.com\/pt\/102590\/","title":{"rendered":"Turquia: Kerem Akt\u00fcrkoglu arrisca at\u00e9 12 jogos de suspens\u00e3o"},"content":{"rendered":"<p>Kerem Akt\u00fcrkoglu est\u00e1 envolvido numa enorme pol\u00e9mica e tudo gra\u00e7as aos dois contratos que assinou com o Fenerbah\u00e7e, aquando da transfer\u00eancia do Benfica para o emblema turco.<\/p>\n<p>De acordo com Murat Ozbostan, diretor do jornal turco\u00a0Sabah, um dos contratos declarava o sal\u00e1rio m\u00ednimo, enviado \u00e0 Federa\u00e7\u00e3o Turca de Futebol (TFF), sendo que o outro apresentava um vencimento anual de 8,75 milh\u00f5es de euros, incluindo impostos e taxas de intermedia\u00e7\u00e3o). Neste sentido, a UEFA pediu informa\u00e7\u00f5es \u00e0 TFF, que se encontra a investigar toda a situa\u00e7\u00e3o.<\/p>\n<p>Em cima da mesa est\u00e1 uma poss\u00edvel suspens\u00e3o, que pode ir de quatro at\u00e9 12 jogos, e o pior dos cen\u00e1rios at\u00e9 poder\u00e1 afastar o jogador dos compromissos do clube at\u00e9 ao fim do ano civil.<\/p>\n<p>Recorde-se que Akt\u00fcrkoglu mudou-se do Fenerbah\u00e7e para o Benfica a troco de 22,5 milh\u00f5es de euros, no \u00faltimo mercado de ver\u00e3o.<\/p>\n","protected":false},"excerpt":{"rendered":"Kerem Akt\u00fcrkoglu est\u00e1 envolvido numa enorme pol\u00e9mica e tudo gra\u00e7as aos dois contratos que assinou com o Fenerbah\u00e7e,&hellip;\n","protected":false},"author":2,"featured_media":102591,"comment_status":"","ping_status":"","sticky":false,"template":"","format":"standard","meta":{"footnotes":""},"categories":[87],"tags":[135,918,2231,46,40,42,41,32,33,47,134,35,2428],"class_list":{"0":"post-102590","1":"post","2":"type-post","3":"status-publish","4":"format-standard","5":"has-post-thumbnail","7":"category-desporto","8":"tag-desporto","9":"tag-fenerbahce","10":"tag-kerem-akturkoglu","11":"tag-maisfutebol","12":"tag-maistransferencias","13":"tag-mercado","14":"tag-mercado-de-transferencias","15":"tag-portugal","16":"tag-pt","17":"tag-pura-paixao","18":"tag-sports","19":"tag-transferencias","20":"tag-turquia"},"share_on_mastodon":{"url":"","error":""},"_links":{"self":[{"href":"https:\/\/www.europesays.com\/pt\/wp-json\/wp\/v2\/posts\/102590","targetHints":{"allow":["GET"]}}],"collection":[{"href":"https:\/\/www.europesays.com\/pt\/wp-json\/wp\/v2\/posts"}],"about":[{"href":"https:\/\/www.europesays.com\/pt\/wp-json\/wp\/v2\/types\/post"}],"author":[{"embeddable":true,"href":"https:\/\/www.europesays.com\/pt\/wp-json\/wp\/v2\/users\/2"}],"replies":[{"embeddable":true,"href":"https:\/\/www.europesays.com\/pt\/wp-json\/wp\/v2\/comments?post=102590"}],"version-history":[{"count":0,"href":"https:\/\/www.europesays.com\/pt\/wp-json\/wp\/v2\/posts\/102590\/revisions"}],"wp:featuredmedia":[{"embeddable":true,"href":"https:\/\/www.europesays.com\/pt\/wp-json\/wp\/v2\/media\/102591"}],"wp:attachment":[{"href":"https:\/\/www.europesays.com\/pt\/wp-json\/wp\/v2\/media?parent=102590"}],"wp:term":[{"taxonomy":"category","embeddable":true,"href":"https:\/\/www.europesays.com\/pt\/wp-json\/wp\/v2\/categories?post=102590"},{"taxonomy":"post_tag","embeddable":true,"href":"https:\/\/www.europesays.com\/pt\/wp-json\/wp\/v2\/tags?post=102590"}],"curies":[{"name":"wp","href":"https:\/\/api.w.org\/{rel}","templated":true}]}}