{"id":102596,"date":"2025-10-08T20:16:07","date_gmt":"2025-10-08T20:16:07","guid":{"rendered":"https:\/\/www.europesays.com\/pt\/102596\/"},"modified":"2025-10-08T20:16:07","modified_gmt":"2025-10-08T20:16:07","slug":"motorista-de-uber-detido-por-causa-de-incendios-mortais-em-los-angeles","status":"publish","type":"post","link":"https:\/\/www.europesays.com\/pt\/102596\/","title":{"rendered":"Motorista de Uber detido por causa de inc\u00eandios mortais em Los Angeles"},"content":{"rendered":"<p class=\"category\"><a href=\"https:\/\/sicnoticias.pt\/mundo\" rel=\"nofollow noopener\" target=\"_blank\">Mundo<\/a><\/p>\n<p class=\"g-article-lead lead\" data-field=\"lead\">Jonathan Rinderknecht, de 29 anos, \u00e9 suspeito de ter sido respons\u00e1vel pelo in\u00edcio do fogo que viria a destruir um bairro californiano e fazer v\u00e1rias v\u00edtimas mortais. Tinha, nos seus dispositivos eletr\u00f3nicos, uma imagem gerada no ChatGPT de uma cidade em chamas.<\/p>\n<p><img decoding=\"async\" src=\"https:\/\/www.europesays.com\/pt\/wp-content\/uploads\/2025\/10\/1759954567_562_original.webp\" alt=\"Motorista de Uber detido por causa de inc\u00eandios mortais em Los Angeles\"\/><\/p>\n<p>Department of Justice\/Reuters<\/p>\n<p style=\"text-align: start;\"><strong>Foi detido um suspeito, no \u00e2mbito da investiga\u00e7\u00e3o <\/strong><strong>a<\/strong><strong>os inc\u00eandios mortais que devastaram Los Angeles, nos EUA, em janeiro. O an\u00fancio foi feito, esta quarta-feira, pelas autoridades norte-americanas.<\/strong><\/p>\n<p style=\"text-align: start;\">O suspeito em causa \u00e9 <strong>Jonathan <\/strong><strong>Rinderknecht<\/strong><strong>, <\/strong><strong>um homem de <\/strong><strong>29 anos, <\/strong><strong>que ter\u00e1 ateado<\/strong><strong> um inc\u00eandio na noite de Ano Novo<\/strong>. Trata-se de um <strong>motorista da Uber que deixou passageiros na \u00e1rea onde o inc\u00eandio come\u00e7ou<\/strong>, naquela noite.<\/p>\n<p style=\"text-align: start;\"><strong>Provas recolhidas nos dispositivos eletr\u00f3nicos do suspeito revelaram uma imagem que o pr\u00f3prio ter\u00e1 criado, recorrendo \u00e0 ferramenta de Intelig\u00eancia Artificial ChatGPT, a representar uma cidade em chamas.<\/strong><\/p>\n<p style=\"text-align: start;\">O <strong>f<\/strong><strong>ogo reacendeu e, a 7 de janeiro, devastou o bairro de Pacific Palisades<\/strong>, em Los Angeles.<\/p>\n<blockquote><p> \u201cA imprud\u00eancia de uma \u00fanica pessoa causou um dos piores inc\u00eandios que Los Angeles j\u00e1 conheceu, causando mortes e destrui\u00e7\u00e3o generalizada em Pacific Palisades\u201d, afirmou o procurador federal Bill Essayli, citado pela AFP.   <\/p><\/blockquote>\n<p style=\"text-align: start;\"><strong>N\u00e3o foi, contudo, apurada a alegada motiva\u00e7\u00e3o do suspeito<\/strong>.<\/p>\n<blockquote><p> \u201cGostava que pud\u00e9ssemos entrar na cabe\u00e7a de algu\u00e9m, mas n\u00e3o podemos&#8221;, disse Kenny Cooper, agente do Departamento de \u00c1lcool, Tabaco, Armas de Fogo e Explosivos (ATF) dos EUA. \u201cPessoas mal-intencionadas fazem coisas m\u00e1s.\u201d   <\/p><\/blockquote>\n<p style=\"text-align: start;\"><strong>Mais de tr\u00eas dezenas de pessoas morreram nos<\/strong><strong> <\/strong><a href=\"https:\/\/sicnoticias.pt\/mundo\/2025-01-14-sobe-para-25-mortos-e-pelo-menos-23-desaparecidos-nos-incendios-de-los-angeles-6cbe425e\" target=\"_blank\" rel=\"noopener noreferrer nofollow\">inc\u00eandios de Los Angeles em janeiro<\/a> &#8211; 12 delas no fogo em Pacific Palisades. Houve ainda <strong>milhares de casas destru\u00eddas <\/strong>pelas chamas e <strong>dezenas de milhares de pessoas tiveram de abandonar as suas habita\u00e7\u00f5es<\/strong>.<\/p>\n","protected":false},"excerpt":{"rendered":"Mundo Jonathan Rinderknecht, de 29 anos, \u00e9 suspeito de ter sido respons\u00e1vel pelo in\u00edcio do fogo que viria&hellip;\n","protected":false},"author":2,"featured_media":102597,"comment_status":"","ping_status":"","sticky":false,"template":"","format":"standard","meta":{"footnotes":""},"categories":[50],"tags":[27,28,15,16,14,25,26,21,22,62,12,13,19,20,23,24,17,18,29,30,31,63,64,65],"class_list":{"0":"post-102596","1":"post","2":"type-post","3":"status-publish","4":"format-standard","5":"has-post-thumbnail","7":"category-mundo","8":"tag-breaking-news","9":"tag-breakingnews","10":"tag-featured-news","11":"tag-featurednews","12":"tag-headlines","13":"tag-latest-news","14":"tag-latestnews","15":"tag-main-news","16":"tag-mainnews","17":"tag-mundo","18":"tag-news","19":"tag-noticias","20":"tag-noticias-principais","21":"tag-noticiasprincipais","22":"tag-principais-noticias","23":"tag-principaisnoticias","24":"tag-top-stories","25":"tag-topstories","26":"tag-ultimas","27":"tag-ultimas-noticias","28":"tag-ultimasnoticias","29":"tag-world","30":"tag-world-news","31":"tag-worldnews"},"share_on_mastodon":{"url":"","error":""},"_links":{"self":[{"href":"https:\/\/www.europesays.com\/pt\/wp-json\/wp\/v2\/posts\/102596","targetHints":{"allow":["GET"]}}],"collection":[{"href":"https:\/\/www.europesays.com\/pt\/wp-json\/wp\/v2\/posts"}],"about":[{"href":"https:\/\/www.europesays.com\/pt\/wp-json\/wp\/v2\/types\/post"}],"author":[{"embeddable":true,"href":"https:\/\/www.europesays.com\/pt\/wp-json\/wp\/v2\/users\/2"}],"replies":[{"embeddable":true,"href":"https:\/\/www.europesays.com\/pt\/wp-json\/wp\/v2\/comments?post=102596"}],"version-history":[{"count":0,"href":"https:\/\/www.europesays.com\/pt\/wp-json\/wp\/v2\/posts\/102596\/revisions"}],"wp:featuredmedia":[{"embeddable":true,"href":"https:\/\/www.europesays.com\/pt\/wp-json\/wp\/v2\/media\/102597"}],"wp:attachment":[{"href":"https:\/\/www.europesays.com\/pt\/wp-json\/wp\/v2\/media?parent=102596"}],"wp:term":[{"taxonomy":"category","embeddable":true,"href":"https:\/\/www.europesays.com\/pt\/wp-json\/wp\/v2\/categories?post=102596"},{"taxonomy":"post_tag","embeddable":true,"href":"https:\/\/www.europesays.com\/pt\/wp-json\/wp\/v2\/tags?post=102596"}],"curies":[{"name":"wp","href":"https:\/\/api.w.org\/{rel}","templated":true}]}}