{"id":102598,"date":"2025-10-08T20:18:18","date_gmt":"2025-10-08T20:18:18","guid":{"rendered":"https:\/\/www.europesays.com\/pt\/102598\/"},"modified":"2025-10-08T20:18:18","modified_gmt":"2025-10-08T20:18:18","slug":"benfica-responde-a-villas-boas-declaracoes-lamentaveis","status":"publish","type":"post","link":"https:\/\/www.europesays.com\/pt\/102598\/","title":{"rendered":"Benfica responde a Villas-Boas: \u00abDeclara\u00e7\u00f5es lament\u00e1veis\u00bb"},"content":{"rendered":"<p>Andr\u00e9 Villas-Boas, presidente do FC Porto, &#8216;picou&#8217; o rival Benfica e n\u00e3o ficou sem resposta. O dirigente tinha dito na Gala \u00abFootball Globes\u00bb, da Federa\u00e7\u00e3o Portuguesa de Futebol, que <strong><a href=\"https:\/\/maisfutebol.iol.pt\/fc-porto\/villas-boas\/villas-boas-classico-o-maior-elogio-e-a-postura-que-o-benfica-teve\" rel=\"nofollow noopener\" target=\"_blank\">a postura \u00abdefensiva\u00bb do Benfica tinha valorizado a exibi\u00e7\u00e3o dos portistas.<\/a><\/strong><\/p>\n<p>Al\u00e9m disso, teceu declara\u00e7\u00f5es sobre os sal\u00e1rios dos jogadores do Benfica. \u00abIsso tamb\u00e9m valoriza o que o FC Porto fez neste jogo, com uma equipa jovem, contra uma equipa experimentada e de um valor incalcul\u00e1vel como \u00e9 a equipa do Benfica, com v\u00e1rios jogadores a receberem acima de oito milh\u00f5es de euros\u00bb, disse.<\/p>\n<p>Um dia depois, o Benfica utilizou a rede social X para responder a essas afirma\u00e7\u00f5es de Andr\u00e9 Villas-Boas.<\/p>\n<p>\u00abFalsas as declara\u00e7\u00f5es do presidente do Futebol Clube do Porto relativas ao custo econ\u00f3mico dos jogadores do Benfica, reveladoras de total desconhecimento da realidade e sem qualquer fundamento. Declara\u00e7\u00f5es lament\u00e1veis do princ\u00edpio ao fim\u00bb, escrevem.<\/p>\n<blockquote class=\"twitter-tweet\">\n<p lang=\"pt\">Falsas as declara\u00e7\u00f5es do presidente do Futebol Clube do Porto relativas ao custo econ\u00f3mico dos jogadores do Benfica, reveladoras de total desconhecimento da realidade e sem qualquer fundamento.<\/p>\n<p>Declara\u00e7\u00f5es lament\u00e1veis do princ\u00edpio ao fim. <a href=\"https:\/\/t.co\/NpyrZknxP5\" rel=\"nofollow\">pic.twitter.com\/NpyrZknxP5<\/a><\/p>\n<p> \u2014 SL Benfica (@SLBenfica)<br \/>\n  <a href=\"https:\/\/twitter.com\/SLBenfica\/status\/1975916249097109541?ref_src=twsrc%5Etfw\" rel=\"nofollow noopener\" target=\"_blank\">October 8, 2025<\/a>\n <\/p><\/blockquote>\n<p>                                <script async src=\"https:\/\/platform.twitter.com\/widgets.js\" charset=\"utf-8\"><\/script><\/p>\n","protected":false},"excerpt":{"rendered":"Andr\u00e9 Villas-Boas, presidente do FC Porto, &#8216;picou&#8217; o rival Benfica e n\u00e3o ficou sem resposta. O dirigente tinha&hellip;\n","protected":false},"author":2,"featured_media":102599,"comment_status":"","ping_status":"","sticky":false,"template":"","format":"standard","meta":{"footnotes":""},"categories":[8],"tags":[51,27,28,282,15,16,24867,14,25,26,36,21,22,46,12,13,19,20,32,23,24,33,47,17,18,29,30,31,3042],"class_list":{"0":"post-102598","1":"post","2":"type-post","3":"status-publish","4":"format-standard","5":"has-post-thumbnail","7":"category-principais-noticias","8":"tag-benfica","9":"tag-breaking-news","10":"tag-breakingnews","11":"tag-fc-porto","12":"tag-featured-news","13":"tag-featurednews","14":"tag-football-globes","15":"tag-headlines","16":"tag-latest-news","17":"tag-latestnews","18":"tag-liga","19":"tag-main-news","20":"tag-mainnews","21":"tag-maisfutebol","22":"tag-news","23":"tag-noticias","24":"tag-noticias-principais","25":"tag-noticiasprincipais","26":"tag-portugal","27":"tag-principais-noticias","28":"tag-principaisnoticias","29":"tag-pt","30":"tag-pura-paixao","31":"tag-top-stories","32":"tag-topstories","33":"tag-ultimas","34":"tag-ultimas-noticias","35":"tag-ultimasnoticias","36":"tag-villas-boas"},"share_on_mastodon":{"url":"","error":""},"_links":{"self":[{"href":"https:\/\/www.europesays.com\/pt\/wp-json\/wp\/v2\/posts\/102598","targetHints":{"allow":["GET"]}}],"collection":[{"href":"https:\/\/www.europesays.com\/pt\/wp-json\/wp\/v2\/posts"}],"about":[{"href":"https:\/\/www.europesays.com\/pt\/wp-json\/wp\/v2\/types\/post"}],"author":[{"embeddable":true,"href":"https:\/\/www.europesays.com\/pt\/wp-json\/wp\/v2\/users\/2"}],"replies":[{"embeddable":true,"href":"https:\/\/www.europesays.com\/pt\/wp-json\/wp\/v2\/comments?post=102598"}],"version-history":[{"count":0,"href":"https:\/\/www.europesays.com\/pt\/wp-json\/wp\/v2\/posts\/102598\/revisions"}],"wp:featuredmedia":[{"embeddable":true,"href":"https:\/\/www.europesays.com\/pt\/wp-json\/wp\/v2\/media\/102599"}],"wp:attachment":[{"href":"https:\/\/www.europesays.com\/pt\/wp-json\/wp\/v2\/media?parent=102598"}],"wp:term":[{"taxonomy":"category","embeddable":true,"href":"https:\/\/www.europesays.com\/pt\/wp-json\/wp\/v2\/categories?post=102598"},{"taxonomy":"post_tag","embeddable":true,"href":"https:\/\/www.europesays.com\/pt\/wp-json\/wp\/v2\/tags?post=102598"}],"curies":[{"name":"wp","href":"https:\/\/api.w.org\/{rel}","templated":true}]}}