{"id":102606,"date":"2025-10-08T20:23:13","date_gmt":"2025-10-08T20:23:13","guid":{"rendered":"https:\/\/www.europesays.com\/pt\/102606\/"},"modified":"2025-10-08T20:23:13","modified_gmt":"2025-10-08T20:23:13","slug":"e-real-ouca-1a-previa-de-eyes-closed-feat-de-jisoo-do-blackpink-e-zayn","status":"publish","type":"post","link":"https:\/\/www.europesays.com\/pt\/102606\/","title":{"rendered":"\u00c9 real! Ou\u00e7a 1\u00aa pr\u00e9via de &#8220;Eyes Closed&#8221;, feat de Jisoo, do BLACKPINK, e Zayn"},"content":{"rendered":"<p>Agora \u00e9 oficial! Ap\u00f3s fazer suspense e deixar os f\u00e3s em polvorosa com a possibilidade, <a href=\"https:\/\/portalpopline.com.br\/tag\/jisoo\/\" rel=\"noopener nofollow\" target=\"_blank\"><strong>Jisoo<\/strong><\/a>, do <a href=\"https:\/\/portalpopline.com.br\/tag\/blackpink\/\" rel=\"noopener nofollow\" target=\"_blank\"><strong>BLACKPINK<\/strong><\/a>, acaba de confirmar que o <strong>primeiro feat de sua carreira solo<\/strong> ser\u00e1 mesmo com <a href=\"https:\/\/portalpopline.com.br\/zayn\/\" rel=\"noopener nofollow\" target=\"_blank\"><strong>Zayn<\/strong><\/a>. E tem mais: a artista ainda divulgou uma <strong>primeira pr\u00e9via<\/strong> da faixa, batizada de \u201cEyes Closed\u201d. Ou\u00e7a agora!<\/p>\n<p>LEIA MAIS:<\/p>\n<p><img loading=\"lazy\" decoding=\"async\" aria-describedby=\"caption-attachment-999220\" src=\"https:\/\/www.europesays.com\/pt\/wp-content\/uploads\/2025\/10\/ouca-previa-eyes-closed-feat-jisoo-blackpink-zayn-2.jpg\" alt=\"\" width=\"1200\" height=\"1600\" class=\"size-full wp-image-999220\"\/><\/p>\n<p id=\"caption-attachment-999220\" class=\"wp-caption-text\">Foto: Instagram\/@sooyaaa__<\/p>\n<p>Atrav\u00e9s das redes sociais, <strong>Jisoo<\/strong> liberou uma nova foto promocional do single, que aparentemente seria a capa oficial da m\u00fasica. A imagem finalmente revela o rosto de <strong>Zayn<\/strong>. O lan\u00e7amento da parceria nas plataformas deve acontecer nesta <strong>sexta-feira (10)<\/strong>.<\/p>\n<blockquote class=\"twitter-tweet\">\n<p lang=\"en\" dir=\"ltr\">EYES CLOSED by <a href=\"https:\/\/twitter.com\/hashtag\/JISOO?src=hash&amp;ref_src=twsrc%5Etfw\" rel=\"nofollow noopener\" target=\"_blank\">#JISOO<\/a> and Zayn. <a href=\"https:\/\/t.co\/S1lqtWy7wR\" rel=\"nofollow\">pic.twitter.com\/S1lqtWy7wR<\/a><\/p>\n<p>\u2014 JISOO NEWS (@NEWSJISOO) <a href=\"https:\/\/twitter.com\/NEWSJISOO\/status\/1975668588976681006?ref_src=twsrc%5Etfw\" rel=\"nofollow noopener\" target=\"_blank\">October 7, 2025<\/a><\/p>\n<\/blockquote>\n<p>Em meio \u00e0 repercuss\u00e3o do novo single solo de <strong>Jisoo<\/strong>, internautas relembraram que, no final de julho, <a href=\"https:\/\/portalpopline.com.br\/zayn-filha-show-blackpink-nova-york-nick-jonas\/\" rel=\"noopener nofollow\" target=\"_blank\"><strong>Zayn<\/strong> levou a filha para assistir a um show do <strong>BLACKPINK<\/strong> em Nova York<\/a>. Agora, especula-se que o ex-<strong>One Direction<\/strong>, \u00e0 \u00e9poca, tenha se encontrado com <strong>Jisoo<\/strong> para gravar o MV da parceria e, ent\u00e3o, foi convidado por ela para ver o show da \u201cDEADLINE WORLD TOUR\u201d.<\/p>\n<blockquote class=\"twitter-tweet\">\n<p lang=\"en\" dir=\"ltr\">ZAYN AND KHAI WENT TO BLACKPINK SHOW OMG THIS IS SO CUTEEEE <a href=\"https:\/\/t.co\/MmfFYRTxF4\" rel=\"nofollow\">pic.twitter.com\/MmfFYRTxF4<\/a><\/p>\n<p>\u2014 G (@zddyrap) <a href=\"https:\/\/twitter.com\/zddyrap\/status\/1949693239877091836?ref_src=twsrc%5Etfw\" rel=\"nofollow noopener\" target=\"_blank\">July 28, 2025<\/a><\/p>\n<\/blockquote>\n<p>\u201cEyes Closed\u201d ser\u00e1 o primeiro lan\u00e7amento de\u00a0<strong>Jisoo<\/strong> <a href=\"https:\/\/portalpopline.com.br\/amortage-jisoo-supera-blackpink-novo-recorde-coreia-do-sul\/\" rel=\"nofollow noopener\" target=\"_blank\">desde a chegada de\u00a0\u201cAMORTAGE\u201d<\/a>, seu primeiro EP. O projeto foi lan\u00e7ado pelo selo da pr\u00f3pria artista, o BLISOO, em uma parceria com a Warner Music.\u00a0\u201cAMORTAGE\u201d chegou a posi\u00e7\u00e3o 11 da Billboard\u00a0 Top Album Sales e, de acordo com a Hanteo, vendeu mais de 520 mil c\u00f3pias na Coreia do Sul apenas na semana de lan\u00e7amento, dando a\u00a0<strong>Jisoo <\/strong><a href=\"https:\/\/portalpopline.com.br\/amortage-jisoo-supera-blackpink-novo-recorde-coreia-do-sul\/\" rel=\"nofollow noopener\" target=\"_blank\">um novo recorde no pa\u00eds.<\/a><\/p>\n<p>O EP traz can\u00e7\u00f5es como \u201cEarthquake\u201d\u00a0e\u00a0\u201cYour Love\u201d, que ganhou um v\u00eddeo no \u00faltimo m\u00eas, ambas apresentadas na <a href=\"https:\/\/portalpopline.com.br\/blackpink-estreia-turne-deadline\/\" rel=\"nofollow noopener\" target=\"_blank\">nova turn\u00ea do <strong>BLACKPINK<\/strong> \u201cDEADLINE\u201d<\/a>.<\/p>\n<p><script async src=\"https:\/\/platform.twitter.com\/widgets.js\" charset=\"utf-8\"><\/script><\/p>\n","protected":false},"excerpt":{"rendered":"Agora \u00e9 oficial! Ap\u00f3s fazer suspense e deixar os f\u00e3s em polvorosa com a possibilidade, Jisoo, do BLACKPINK,&hellip;\n","protected":false},"author":2,"featured_media":102607,"comment_status":"","ping_status":"","sticky":false,"template":"","format":"standard","meta":{"footnotes":""},"categories":[141],"tags":[3194,114,115,24868,24869,8004,271,149,150,273,3603,571,32,8362,24870,33,16409,3607,22751],"class_list":{"0":"post-102606","1":"post","2":"type-post","3":"status-publish","4":"format-standard","5":"has-post-thumbnail","7":"category-musica","8":"tag-blackpink","9":"tag-entertainment","10":"tag-entretenimento","11":"tag-ex-one-direction","12":"tag-eyes-closed","13":"tag-jisoo","14":"tag-lancamento","15":"tag-music","16":"tag-musica","17":"tag-musica-nova","18":"tag-ouca","19":"tag-plantao","20":"tag-portugal","21":"tag-previa","22":"tag-primeiro-feat","23":"tag-pt","24":"tag-solo","25":"tag-trecho","26":"tag-zayn"},"share_on_mastodon":{"url":"","error":""},"_links":{"self":[{"href":"https:\/\/www.europesays.com\/pt\/wp-json\/wp\/v2\/posts\/102606","targetHints":{"allow":["GET"]}}],"collection":[{"href":"https:\/\/www.europesays.com\/pt\/wp-json\/wp\/v2\/posts"}],"about":[{"href":"https:\/\/www.europesays.com\/pt\/wp-json\/wp\/v2\/types\/post"}],"author":[{"embeddable":true,"href":"https:\/\/www.europesays.com\/pt\/wp-json\/wp\/v2\/users\/2"}],"replies":[{"embeddable":true,"href":"https:\/\/www.europesays.com\/pt\/wp-json\/wp\/v2\/comments?post=102606"}],"version-history":[{"count":0,"href":"https:\/\/www.europesays.com\/pt\/wp-json\/wp\/v2\/posts\/102606\/revisions"}],"wp:featuredmedia":[{"embeddable":true,"href":"https:\/\/www.europesays.com\/pt\/wp-json\/wp\/v2\/media\/102607"}],"wp:attachment":[{"href":"https:\/\/www.europesays.com\/pt\/wp-json\/wp\/v2\/media?parent=102606"}],"wp:term":[{"taxonomy":"category","embeddable":true,"href":"https:\/\/www.europesays.com\/pt\/wp-json\/wp\/v2\/categories?post=102606"},{"taxonomy":"post_tag","embeddable":true,"href":"https:\/\/www.europesays.com\/pt\/wp-json\/wp\/v2\/tags?post=102606"}],"curies":[{"name":"wp","href":"https:\/\/api.w.org\/{rel}","templated":true}]}}