{"id":102617,"date":"2025-10-08T20:33:00","date_gmt":"2025-10-08T20:33:00","guid":{"rendered":"https:\/\/www.europesays.com\/pt\/102617\/"},"modified":"2025-10-08T20:33:00","modified_gmt":"2025-10-08T20:33:00","slug":"nova-estacao-de-hidrogenio-em-ovar-alimenta-autocarros-com-tecnologia-desenhada-e-fabricada-em-portugal-expresso","status":"publish","type":"post","link":"https:\/\/www.europesays.com\/pt\/102617\/","title":{"rendered":"Nova esta\u00e7\u00e3o de hidrog\u00e9nio em Ovar alimenta autocarros com tecnologia desenhada e fabricada em Portugal &#8211; Expresso"},"content":{"rendered":"<ol>\n<li><a href=\"https:\/\/news.google.com\/rss\/articles\/CBMi_gFBVV95cUxOMXNMcHNMeFl2N1RmeXRybTFDUFJmVl9aTDNkSkM3a05oTXJKN3o0UVh0S3dVQ2lodXVldHlKLTk5cDZ6TDJrbXltMTNFSkl4TFI2TmN3SURfMUQwRXJMYkVHcEIzRlRUdkVEOWtLTjE0cTh6X2RpZzBSRllJVGxaVURXMFZfMmZabDI4Vl83ckVxczVtRU9fSWtBa1VDVEhZT3pJYUN4RXBEWnU5dnF3WU5nTUlyNTVZRk0zSmd2bUhQcFluemtwdEFBR21udTUxczhJbFB3LUpIaHBwWVBXdGNYdldKOXNJY3BVWmFMamxpZGhEdGpKYkZHUldyUQ?oc=5\" target=\"_blank\" rel=\"nofollow noopener\">Nova esta\u00e7\u00e3o de hidrog\u00e9nio em Ovar alimenta autocarros com tecnologia desenhada e fabricada em Portugal<\/a>&nbsp;&nbsp;Expresso<\/li>\n<li><a href=\"https:\/\/news.google.com\/rss\/articles\/CBMixwFBVV95cUxPQU9tcHRBZVhWampGclA1MUk1XzZkRTdETDF2ZnU1RjFUd0Y5a0ZjeFpuX0V6N3EydVZsYzBnbmxmTEhLUU5RTEM5cGRQNVMyOTBkZ2dJbmxMUzVzTDcwRGxOTk5GQjNER3YtTHNyZFAyS3hGak1aakxlNDl4Ym83T3ByVW1DSkx2T3gweTVrRDU5NjdnV1UtQ044dmplZGtEdUE4bnN2VE1zQjhjaFNhbFVuZklCc0ZoQ25RbFY4RURwY3pjYWFz?oc=5\" target=\"_blank\" rel=\"nofollow noopener\">Grupo Petrotec e Grupo Salvador Caetano inauguram a mais avan\u00e7ada esta\u00e7\u00e3o de hidrog\u00e9nio em Portugal<\/a>&nbsp;&nbsp;Green Savers<\/li>\n<li><a href=\"https:\/\/news.google.com\/rss\/articles\/CBMijgFBVV95cUxNa3BrdzRMa2hIMW9md2V6YmVLWUNZNlpJSkNpdXVLRS1pQ1FoMkJVaFd1QllfS2NZYjdiOUNYZVZHWjk1NmxQVF9IT3pCSkdJMm0xbUhmb3RpUzl2dmJzdUd3QUJCeEZ3R3JhOEVCRkx0VzNEdGNqN3c3eXNKc1VuYjllbVJDMzhBenBFUzh3?oc=5\" target=\"_blank\" rel=\"nofollow noopener\">Portugal inaugura a esta\u00e7\u00e3o de hidrog\u00e9nio mais avan\u00e7ada at\u00e9 \u00e0 data<\/a>&nbsp;&nbsp;newmen.pt<\/li>\n<li><a href=\"https:\/\/news.google.com\/rss\/articles\/CBMiswFBVV95cUxOdDdxV21TYkNDdEE1U1Q2MTM3ZVNzUDh1blUyNDE3TGFRS2psUkpzelpMXzUzak5mZnlrbWhZbHpzNkpRdGhsSXYwQXZIM1ZNemJiRUp3RHlRODgwTTFkdGEzTVpzSndLWGpDa3U2YVI2MnphVWdhOTkxX2c4aGI2UXkwbGFyMEcxTUpILWw0djA0azAySTRaT2oycnBHNzN0QXFuWkRyQlY5Vi1YNVNLUHdiNA?oc=5\" target=\"_blank\" rel=\"nofollow noopener\">F\u00e1brica da CaetanoBus em Ovar \u2018carrega\u2019 esta\u00e7\u00e3o de hidrog\u00e9nio de 2 milh\u00f5es de euros<\/a>&nbsp;&nbsp;ECO<\/li>\n<li><a href=\"https:\/\/news.google.com\/rss\/articles\/CBMiowFBVV95cUxNM1U4cWZabUNySHhhZ1NIZVQtWVVDVENsOTBrY2tyTkpDWW1wSDEwZy1SbGlmUzJleVJ5X09hdnpWWnRGWldFSWY0QkJ1RENMWVNzR3pRWU9laWtLVERPUzJsYVM1MTF2bVhiUF9WQmZyV2loS283ODZIcEM3cFhHQUl4RllOY25DWjZWbnR2R1JVLVA4UDJ0UEhUUkFOcEhSOEpj?oc=5\" target=\"_blank\" rel=\"nofollow noopener\">Nova esta\u00e7\u00e3o de hidrog\u00e9nio fica em Ovar e alimenta autocarros com tecnologia<\/a>&nbsp;&nbsp;OvarNews<\/li>\n<\/ol>\n","protected":false},"excerpt":{"rendered":"Nova esta\u00e7\u00e3o de hidrog\u00e9nio em Ovar alimenta autocarros com tecnologia desenhada e fabricada em Portugal&nbsp;&nbsp;Expresso Grupo Petrotec e&hellip;\n","protected":false},"author":2,"featured_media":99287,"comment_status":"","ping_status":"","sticky":false,"template":"","format":"standard","meta":{"footnotes":""},"categories":[8],"tags":[27,28,15,16,14,25,26,21,22,12,13,19,20,32,23,24,33,17,18,29,30,31],"class_list":{"0":"post-102617","1":"post","2":"type-post","3":"status-publish","4":"format-standard","5":"has-post-thumbnail","7":"category-principais-noticias","8":"tag-breaking-news","9":"tag-breakingnews","10":"tag-featured-news","11":"tag-featurednews","12":"tag-headlines","13":"tag-latest-news","14":"tag-latestnews","15":"tag-main-news","16":"tag-mainnews","17":"tag-news","18":"tag-noticias","19":"tag-noticias-principais","20":"tag-noticiasprincipais","21":"tag-portugal","22":"tag-principais-noticias","23":"tag-principaisnoticias","24":"tag-pt","25":"tag-top-stories","26":"tag-topstories","27":"tag-ultimas","28":"tag-ultimas-noticias","29":"tag-ultimasnoticias"},"share_on_mastodon":{"url":"","error":""},"_links":{"self":[{"href":"https:\/\/www.europesays.com\/pt\/wp-json\/wp\/v2\/posts\/102617","targetHints":{"allow":["GET"]}}],"collection":[{"href":"https:\/\/www.europesays.com\/pt\/wp-json\/wp\/v2\/posts"}],"about":[{"href":"https:\/\/www.europesays.com\/pt\/wp-json\/wp\/v2\/types\/post"}],"author":[{"embeddable":true,"href":"https:\/\/www.europesays.com\/pt\/wp-json\/wp\/v2\/users\/2"}],"replies":[{"embeddable":true,"href":"https:\/\/www.europesays.com\/pt\/wp-json\/wp\/v2\/comments?post=102617"}],"version-history":[{"count":0,"href":"https:\/\/www.europesays.com\/pt\/wp-json\/wp\/v2\/posts\/102617\/revisions"}],"wp:featuredmedia":[{"embeddable":true,"href":"https:\/\/www.europesays.com\/pt\/wp-json\/wp\/v2\/media\/99287"}],"wp:attachment":[{"href":"https:\/\/www.europesays.com\/pt\/wp-json\/wp\/v2\/media?parent=102617"}],"wp:term":[{"taxonomy":"category","embeddable":true,"href":"https:\/\/www.europesays.com\/pt\/wp-json\/wp\/v2\/categories?post=102617"},{"taxonomy":"post_tag","embeddable":true,"href":"https:\/\/www.europesays.com\/pt\/wp-json\/wp\/v2\/tags?post=102617"}],"curies":[{"name":"wp","href":"https:\/\/api.w.org\/{rel}","templated":true}]}}