{"id":102620,"date":"2025-10-08T20:36:08","date_gmt":"2025-10-08T20:36:08","guid":{"rendered":"https:\/\/www.europesays.com\/pt\/102620\/"},"modified":"2025-10-08T20:36:08","modified_gmt":"2025-10-08T20:36:08","slug":"professora-de-passo-fundo-lanca-livro-sobre-maternidade-e-superacao-ao-lado-de-filha-com-nanismo","status":"publish","type":"post","link":"https:\/\/www.europesays.com\/pt\/102620\/","title":{"rendered":"Professora de Passo Fundo lan\u00e7a livro sobre maternidade e supera\u00e7\u00e3o ao lado de filha com nanismo\u00a0"},"content":{"rendered":"<p><img fetchpriority=\"high\" decoding=\"async\" class=\"w-fit lg:w-full\" loading=\"eager\" src=\"https:\/\/www.europesays.com\/pt\/wp-content\/uploads\/2025\/10\/5441552_b36fa0db4443766.jpg\" title=\"Arquivo Pessoal \/ Divulga\u00e7\u00e3o\" alt=\"Arquivo Pessoal \/ Divulga\u00e7\u00e3o\" width=\"700\" height=\"477\"\/>Claudia \u00e9 m\u00e3e de duas meninas, Luisa, de 23 anos, e Marina, de 17.Arquivo Pessoal \/ Divulga\u00e7\u00e3o<\/p>\n<p>Transformar a dor em palavra e a ang\u00fastia em aprendizado: foi assim que a professora e servidora p\u00fablica de Passo Fundo, <strong>Claudia Goelzer<\/strong>, encontrou na escrita uma forma de acalanto para <strong>reconstruir sua hist\u00f3ria e inspirar outras<\/strong>.\u00a0<\/p>\n<p>Depois de um longo per\u00edodo convivendo com a rotina hospitalar ao lado da <strong>filha Marina<\/strong>, diagnosticada com <strong>acondroplasia <\/strong>\u2014 um tipo de <strong>nanismo <\/strong>\u2014, a autora lan\u00e7a o livro A vida \u00e9 uma caixinha de surpresas (M\u00e9ritos, 159 p\u00e1ginas).\u00a0<\/p>\n<p>O evento de <strong>lan\u00e7amento <\/strong>acontece nesta <strong>quinta-feira (8)<\/strong>, \u00e0s 19h, no restaurante Quinta do Conde, e marca o in\u00edcio de um novo cap\u00edtulo para a professora, que <strong>transforma em literatura a jornada de supera\u00e7\u00e3o<\/strong> vivida por sua fam\u00edlia.<\/p>\n<p>\u2014 Quando recebi o diagn\u00f3stico da Marina, minha segunda filha, foi um grande <strong>desafio<\/strong>. N\u00f3s tivemos que nos reinventar como pais e como fam\u00edlia. Ao longo do desenvolvimento dela, fomos abrindo v\u00e1rias &#8220;<strong>caixinhas&#8221;<\/strong> com diagn\u00f3sticos distintos, e cada um deles trazia uma surpresa diferente. Diante de tantos desafios, pensei em <strong>escrever como forma de desabafo<\/strong> sobre o que eu sentia \u2014 disse.<\/p>\n<p><strong>M\u00e3e de duas meninas<\/strong> \u2014\u00a0Lu\u00edsa, 23, e Marina, 17 \u2014 Claudia descreve o nascimento da segunda filha como um <strong>divisor de \u00e1guas em sua vida<\/strong>.<\/p>\n<p>\u2014 Eu sou uma Claudia antes da Marina nascer e outra depois \u2014 resume.\u00a0<\/p>\n<p>O diagn\u00f3stico de <strong>acondroplasia <\/strong>chegou de forma inesperada e abalou a fam\u00edlia, que precisou aprender a lidar com um universo at\u00e9 ent\u00e3o desconhecido.<\/p>\n<p>\u2014 <strong>Sentimos amor, impot\u00eancia e at\u00e9 luto<\/strong>. N\u00f3s n\u00e3o estamos prontos para viver o desconhecido e tamb\u00e9m t\u00ednhamos muito medo do preconceito. Aos poucos, fomos procurando saber sobre o assunto, principalmente nos cercando de uma equipe m\u00e9dica de confian\u00e7a \u2014 explicou.<\/p>\n<p><strong>Escrever para curar<\/strong><\/p>\n<p>A iniciativa de transformar a experi\u00eancia em livro surgiu ainda em <strong>2018<\/strong>, durante um dos per\u00edodos mais complexos vividos pela autora. Naquele ano, a filha, Marina, passou por uma s\u00e9rie de <strong>complica\u00e7\u00f5es cir\u00fargicas<\/strong>, com quatro procedimentos em cerca de <strong>50 dias<\/strong>, em decorr\u00eancia de f\u00edstulas liqu\u00f3ricas recorrentes.<\/p>\n<p>\u2014 Passei muito tempo dentro do hospital e, em meio a tudo isso, senti que precisava <strong>escrever para desabafar<\/strong>. Eu n\u00e3o podia conversar sobre tudo com meu marido, porque precisava ser forte por ele, e ele por mim. A <strong>escrita se tornou o meu ref\u00fagio<\/strong>, minha terapia \u2014 diz.<\/p>\n<p>Por muito tempo, o material escrito por Claudia ficou guardado. Foi somente em 2023 que a professora retomou o projeto com a inten\u00e7\u00e3o real de public\u00e1-lo. A autora ressalta que A vida \u00e9 uma caixinha de surpresas n\u00e3o \u00e9 um livro de autoajuda, mas um<strong> relato real sobre uma jornada de amor e aprendizado<\/strong>.\u00a0<\/p>\n<p>\u2014 \u00c9 uma hist\u00f3ria que mostra que todos n\u00f3s, em algum momento, abrimos caixinhas, sejam boas ou nem tanto, e que <strong>precisamos aprender a lidar com o que encontramos dentro delas<\/strong> \u2014 conta, emocionada.<\/p>\n<p>O lan\u00e7amento do livro, por sua vez, representa algo para al\u00e9m da realiza\u00e7\u00e3o de um sonho, mas um <strong>marco da trajet\u00f3ria de sua maternidade<\/strong>.<\/p>\n<p>\u2014 Espero que, ao lerem essa hist\u00f3ria, as pessoas sintam que n\u00e3o est\u00e3o sozinhas, mas que possam <strong>tirar o melhor de si diante dos obst\u00e1culos <\/strong>e que as pedras sejam um trampolim para seguir em frente com leveza.<\/p>\n<p>\ud83e\udd33 <strong>Para ler mais sobre o que acontece na regi\u00e3o, entre no canal de GZH Passo Fundo no WhatsApp e receba as principais informa\u00e7\u00f5es do dia. <\/strong><a href=\"https:\/\/gzh.digital\/canalpf\" target=\"_blank\" rel=\"nofollow noopener\"><strong>Clique aqui e acesse.<\/strong><\/a><\/p>\n","protected":false},"excerpt":{"rendered":"Claudia \u00e9 m\u00e3e de duas meninas, Luisa, de 23 anos, e Marina, de 17.Arquivo Pessoal \/ Divulga\u00e7\u00e3o Transformar&hellip;\n","protected":false},"author":2,"featured_media":102621,"comment_status":"","ping_status":"","sticky":false,"template":"","format":"standard","meta":{"footnotes":""},"categories":[143],"tags":[169,114,115,864,170,1497,32,33],"class_list":{"0":"post-102620","1":"post","2":"type-post","3":"status-publish","4":"format-standard","5":"has-post-thumbnail","7":"category-livros","8":"tag-books","9":"tag-entertainment","10":"tag-entretenimento","11":"tag-literatura","12":"tag-livros","13":"tag-norte-do-rs","14":"tag-portugal","15":"tag-pt"},"share_on_mastodon":{"url":"","error":""},"_links":{"self":[{"href":"https:\/\/www.europesays.com\/pt\/wp-json\/wp\/v2\/posts\/102620","targetHints":{"allow":["GET"]}}],"collection":[{"href":"https:\/\/www.europesays.com\/pt\/wp-json\/wp\/v2\/posts"}],"about":[{"href":"https:\/\/www.europesays.com\/pt\/wp-json\/wp\/v2\/types\/post"}],"author":[{"embeddable":true,"href":"https:\/\/www.europesays.com\/pt\/wp-json\/wp\/v2\/users\/2"}],"replies":[{"embeddable":true,"href":"https:\/\/www.europesays.com\/pt\/wp-json\/wp\/v2\/comments?post=102620"}],"version-history":[{"count":0,"href":"https:\/\/www.europesays.com\/pt\/wp-json\/wp\/v2\/posts\/102620\/revisions"}],"wp:featuredmedia":[{"embeddable":true,"href":"https:\/\/www.europesays.com\/pt\/wp-json\/wp\/v2\/media\/102621"}],"wp:attachment":[{"href":"https:\/\/www.europesays.com\/pt\/wp-json\/wp\/v2\/media?parent=102620"}],"wp:term":[{"taxonomy":"category","embeddable":true,"href":"https:\/\/www.europesays.com\/pt\/wp-json\/wp\/v2\/categories?post=102620"},{"taxonomy":"post_tag","embeddable":true,"href":"https:\/\/www.europesays.com\/pt\/wp-json\/wp\/v2\/tags?post=102620"}],"curies":[{"name":"wp","href":"https:\/\/api.w.org\/{rel}","templated":true}]}}