{"id":102626,"date":"2025-10-08T20:39:08","date_gmt":"2025-10-08T20:39:08","guid":{"rendered":"https:\/\/www.europesays.com\/pt\/102626\/"},"modified":"2025-10-08T20:39:08","modified_gmt":"2025-10-08T20:39:08","slug":"quando-lancou-o-primeiro-filme-de-animacao-da-turma-da-monica","status":"publish","type":"post","link":"https:\/\/www.europesays.com\/pt\/102626\/","title":{"rendered":"Quando lan\u00e7ou o primeiro filme de anima\u00e7\u00e3o da Turma da M\u00f4nica?"},"content":{"rendered":"<p>Muitos conhecem a <a href=\"https:\/\/recreio.com.br\/tags\/turma-da-monica\" rel=\"nofollow noopener\" target=\"_blank\">\u201cTurma da M\u00f4nica\u201d<\/a> pelos quadrinhos do g\u00eanio <strong><a href=\"https:\/\/www.instagram.com\/mauricioaraujosousa\/?hl=pt-br\" rel=\"nofollow noopener\" target=\"_blank\">Mauricio de Sousa<\/a><\/strong>, enquanto alguns pelas anima\u00e7\u00f5es exibidas em diversos canais. Nos cinemas, muitos se lembram do \u201cCineGibi\u201d e outros cl\u00e1ssicos. Mas o primeiro longa-metragem da turminha j\u00e1 tem 43 anos: \u201cAs Aventuras da Turma da M\u00f4nica\u201d foi lan\u00e7ado em 1982 pela MSP (Mauricio de Sousa Produ\u00e7\u00f5es) e pela Black &amp; White &amp; Color, distribu\u00eddo pela Embrafilme.<\/p>\n<p>\t <strong>Como foi o primeiro filme da Turma da M\u00f4nica?<\/strong> <\/p>\n<p>O enredo gira em torno de <strong>Mauricio de Sousa<\/strong> tentando criar um longa para Casc\u00e3o, Cebolinha, M\u00f4nica e Magali, por\u00e9m, sempre acontece algum tipo de imprevisto para que os personagens n\u00e3o consigam aparecer. Ao longo dele, quatro epis\u00f3dios s\u00e3o exibidos: \u201cO Plano Infal\u00edvel\u201d;\u201dUm Amor de Ratinho\u201d;\u201dA Ermit\u00e3\u201d e \u201cO Imp\u00e9rio Empacota\u201d. O lan\u00e7amento ocorreu perto do Natal, em 23 de dezembro de 1982. Ele foi lan\u00e7ado em VHS e, em 1999, recebeu um relan\u00e7amento pela Publifolha na s\u00e9rie Cl\u00e1ssicos da Turma. A anima\u00e7\u00e3o \u2014 que mescla cenas em live-action \u2014 n\u00e3o recebeu mais VHS ou DVD, por\u00e9m, em 2013, foi redublado.<\/p>\n<p>As exibi\u00e7\u00f5es em televis\u00e3o aberta foram um sucesso, sendo que, em 1998, teve sua maior audi\u00eancia na \u201cSess\u00e3o da Tarde\u201d, da Globo, com 19 pontos. Em 2000, na mesma faixa, teve 17 pontos. Em 1984, tamb\u00e9m na programa\u00e7\u00e3o da tarde, teve 13 pontos.<\/p>\n<p>\t    <strong>Mais sobre \u201cAs Aventuras da Turma da M\u00f4nica\u201d<\/strong> <\/p>\n<p><a href=\"https:\/\/www.primevideo.com\/-\/pt\/detail\/Turma-da-M%C3%B4nica\/0IVX70XW9HI6UXQBM7W9S4VDE4\" target=\"_blank\" rel=\"noopener nofollow\">\u201cAs Aventuras da Turma da M\u00f4nica\u201d<\/a> foi um longa com a dire\u00e7\u00e3o de <strong>Orlando Viggiani<\/strong> e roteiro de <strong><a href=\"https:\/\/pt.wikipedia.org\/wiki\/Mauricio_de_Sousa\" rel=\"nofollow noopener\" target=\"_blank\">Mauricio de Sousa<\/a><\/strong>, com colabora\u00e7\u00e3o de <strong>Reinaldo Waisman<\/strong>. A produ\u00e7\u00e3o demorou quase um ano para ser finalizado, e custou cerca de 100 milh\u00f5es de cruzeiros, usando a t\u00e9cnica tradicional de anima\u00e7\u00e3o, tendo 45 mil desenhos feito a m\u00e3o.<\/p>\n<p>Em \u201cO Plano Infal\u00edvel\u201d, Cebolinha tentava derrotar M\u00f4nica com mais uma das suas arma\u00e7\u00f5es; em \u201cUm Amor de Ratinho\u201d, M\u00f4nica escolheu uma fantasia de rato rosa para um baile e acabava fisgando o cora\u00e7\u00e3o de um rato de verdade por acidente. \u201cA Ermit\u00e3\u201d \u00e9 mais emocional, e faz com que a dona do bairro do limoeiro fosse viver sozinha na floresta. O cap\u00edtulo final \u00e9 \u201cO Imp\u00e9rio Empacota\u201d, uma s\u00e1tira de \u201cStar Wars\u201d que fez com que Cebolinha entrasse numa batalha entre dois planetas.<\/p>\n<p> <img loading=\"lazy\" decoding=\"async\" class=\"wp-image-54283 size-large img-fluid lazy\" alt=\"Logo oficial de &quot;As Aventuras da Turma da M\u00f4nica&quot;\" width=\"800\" height=\"450\" src=\"https:\/\/www.europesays.com\/pt\/wp-content\/uploads\/2025\/10\/as-aventuras-da-turma-da-monica-800x450.jpg\"  \/>Logo oficial de \u201cAs Aventuras da Turma da M\u00f4nica\u201d \u2013 Reprodu\u00e7\u00e3o\/Divulga\u00e7\u00e3o\/Mauricio de Sousa Produ\u00e7\u00f5es  \t\t\t<\/p>\n<p>\t                                            <script async src=\"\/\/www.instagram.com\/embed.js\"><\/script><\/p>\n","protected":false},"excerpt":{"rendered":"Muitos conhecem a \u201cTurma da M\u00f4nica\u201d pelos quadrinhos do g\u00eanio Mauricio de Sousa, enquanto alguns pelas anima\u00e7\u00f5es exibidas&hellip;\n","protected":false},"author":2,"featured_media":102627,"comment_status":"","ping_status":"","sticky":false,"template":"","format":"standard","meta":{"footnotes":""},"categories":[140],"tags":[470,114,115,147,148,24874,146,32,33,24875],"class_list":{"0":"post-102626","1":"post","2":"type-post","3":"status-publish","4":"format-standard","5":"has-post-thumbnail","7":"category-filmes","8":"tag-cinema","9":"tag-entertainment","10":"tag-entretenimento","11":"tag-film","12":"tag-filmes","13":"tag-mauricio-de-sousa","14":"tag-movies","15":"tag-portugal","16":"tag-pt","17":"tag-turma-da-monica"},"share_on_mastodon":{"url":"","error":""},"_links":{"self":[{"href":"https:\/\/www.europesays.com\/pt\/wp-json\/wp\/v2\/posts\/102626","targetHints":{"allow":["GET"]}}],"collection":[{"href":"https:\/\/www.europesays.com\/pt\/wp-json\/wp\/v2\/posts"}],"about":[{"href":"https:\/\/www.europesays.com\/pt\/wp-json\/wp\/v2\/types\/post"}],"author":[{"embeddable":true,"href":"https:\/\/www.europesays.com\/pt\/wp-json\/wp\/v2\/users\/2"}],"replies":[{"embeddable":true,"href":"https:\/\/www.europesays.com\/pt\/wp-json\/wp\/v2\/comments?post=102626"}],"version-history":[{"count":0,"href":"https:\/\/www.europesays.com\/pt\/wp-json\/wp\/v2\/posts\/102626\/revisions"}],"wp:featuredmedia":[{"embeddable":true,"href":"https:\/\/www.europesays.com\/pt\/wp-json\/wp\/v2\/media\/102627"}],"wp:attachment":[{"href":"https:\/\/www.europesays.com\/pt\/wp-json\/wp\/v2\/media?parent=102626"}],"wp:term":[{"taxonomy":"category","embeddable":true,"href":"https:\/\/www.europesays.com\/pt\/wp-json\/wp\/v2\/categories?post=102626"},{"taxonomy":"post_tag","embeddable":true,"href":"https:\/\/www.europesays.com\/pt\/wp-json\/wp\/v2\/tags?post=102626"}],"curies":[{"name":"wp","href":"https:\/\/api.w.org\/{rel}","templated":true}]}}