{"id":102636,"date":"2025-10-08T20:45:13","date_gmt":"2025-10-08T20:45:13","guid":{"rendered":"https:\/\/www.europesays.com\/pt\/102636\/"},"modified":"2025-10-08T20:45:13","modified_gmt":"2025-10-08T20:45:13","slug":"nobel-da-quimica-atribuido-a-tres-cientistas-pelo-desenvolvimento-de-estruturas-metalorganicas","status":"publish","type":"post","link":"https:\/\/www.europesays.com\/pt\/102636\/","title":{"rendered":"Nobel da Qu\u00edmica atribu\u00eddo a tr\u00eas cientistas pelo desenvolvimento de estruturas metalorg\u00e2nicas"},"content":{"rendered":"<p>Susumu Kitagawa, Richard Robson e Omar Yaghi desenvolveram uma nova forma de arquitetura molecular &#8211; estruturas metalorg\u00e2nicas &#8211; que pode ser usada para coletar \u00e1gua do ar do deserto, capturar di\u00f3xido de carbono, armazenar gases t\u00f3xicos ou catalisar rea\u00e7\u00f5es qu\u00edmicas. Os tr\u00eas laureados criaram constru\u00e7\u00f5es moleculares com grandes espa\u00e7os atrav\u00e9s dos quais gases e outros produtos qu\u00edmicos podem fluir.<\/p>\n<p data-remotead-prev-elm=\"true\" data-remotead-elm-id=\"inread\">O presidente do Comit\u00e9 Nobel de Qu\u00edmica, Heiner Linque, salientou precisamente o facto de estas &#8220;estruturas metalorg\u00e2nicas terem um enorme potencial, trazendo oportunidades antes imprevistas para materiais personalizados com novas fun\u00e7\u00f5es&#8221;. &#8220;Nas suas constru\u00e7\u00f5es, os i\u00f5es met\u00e1licos funcionam como pedras angulares ligadas por longas mol\u00e9culas org\u00e2nicas (\u00e0 base de carbono). Juntos, os i\u00f5es met\u00e1licos e as mol\u00e9culas s\u00e3o organizados para formar cristais que cont\u00eam grandes cavidades. Esses materiais porosos s\u00e3o chamados de estruturas metalorg\u00e2nicas (MOF)&#8221;, l\u00ea-se no site do Pr\u00e9mio Nobel.<\/p>\n<p>Segundo o comunicado, &#8220;ao variar os blocos de constru\u00e7\u00e3o usados nas MOF, os qu\u00edmicos podem projet\u00e1-las para capturar e armazenar subst\u00e2ncias espec\u00edficas. As MOF tamb\u00e9m podem impulsionar rea\u00e7\u00f5es qu\u00edmicas ou conduzir eletricidade&#8221;.<\/p>\n<p data-remotead-prev-elm=\"true\" data-remotead-elm-id=\"centro1\">A investiga\u00e7\u00e3o que levou \u00e0 descoberta desta nova forma de arquitetura molecular come\u00e7ou h\u00e1 cerca de quatro d\u00e9cadas, em 1989, quando Richard Robson testou a utiliza\u00e7\u00e3o das propriedades inerentes dos \u00e1tomos, combinando i\u00f5es de cobre com carga positiva com uma mol\u00e9cula de quatro bra\u00e7os.<\/p>\n<p>Quando combinados, eles ligaram-se &#8220;para formar um cristal espa\u00e7oso e bem ordenado. Era como um diamante cheio de in\u00fameras cavidades&#8221;, explica a academia.<\/p>\n<p data-remotead-prev-elm=\"true\" data-remotead-elm-id=\"centro2\">Robson percebeu imediatamente o potencial da sua constru\u00e7\u00e3o molecular, mas ela era ainda inst\u00e1vel e desmoronava facilmente. Foram os qu\u00edmicos Susumu Kitagawa e Omar Yaghi que conseguiram fornecer uma base s\u00f3lida para esse m\u00e9todo de constru\u00e7\u00e3o.<\/p>\n<p>Entre 1992 e 2003, fizeram, separadamente, uma s\u00e9rie de descobertas revolucion\u00e1rias: Kitagawa mostrou que os gases podem entrar e sair das constru\u00e7\u00f5es e previu que as MOF poderiam ser flex\u00edveis; Yaghi criou uma MOF muito est\u00e1vel e mostrou que pode ser modificada usando um &#8220;design&#8221; racional, conferindo-lhe propriedades novas e desej\u00e1veis.<\/p>\n<p data-remotead-prev-elm=\"true\" data-remotead-elm-id=\"centro3\">Ap\u00f3s as descobertas dos tr\u00eas laureados, os qu\u00edmicos constru\u00edram dezenas de milhares de diferentes MOF.<\/p>\n<p>Alguns deles podem contribuir para resolver alguns dos maiores desafios da humanidade, com aplica\u00e7\u00f5es que incluem a decomposi\u00e7\u00e3o de vest\u00edgios de produtos farmac\u00eauticos no ambiente, a captura de di\u00f3xido de carbono ou a recolha de \u00e1gua do ar do deserto.<\/p>\n<p data-remotead-prev-elm=\"true\" data-remotead-elm-id=\"centro4\">A descoberta permite ainda a separa\u00e7\u00e3o de subst\u00e2ncias perfluoroalquiladas e polifluoroalquiladas (PFAS) da \u00e1gua. As PFAS s\u00e3o um grupo de compostos qu\u00edmicos sint\u00e9ticos conhecidos como &#8220;qu\u00edmicos eternos&#8221; devido \u00e0 sua extrema persist\u00eancia no ambiente e no corpo humano.<\/p>\n<p>As PFAS s\u00e3o utilizadas numa vasta gama de produtos industriais e dom\u00e9sticos, como t\u00eaxteis resistentes a manchas e \u00e1gua, embalagens de alimentos, panelas antiaderentes e espumas de combate a inc\u00eandios.<\/p>\n<p data-remotead-prev-elm=\"true\" data-remotead-elm-id=\"centro5\">A sua acumula\u00e7\u00e3o no ambiente e os potenciais riscos para a sa\u00fade, incluindo danos no f\u00edgado e outros problemas, t\u00eam levado a preocupa\u00e7\u00f5es e \u00e0 procura por alternativas mais seguras.<\/p>\n<p>No ano passado, o Pr\u00e9mio Nobel da Qu\u00edmica foi<a href=\"https:\/\/www.jn.pt\/mundo\/artigo\/nobel-da-quimica-distingue-design-computacional-de-proteinas\/17820945\" target=\"_blank\" rel=\"nofollow noopener\"> atribu\u00eddo aos qu\u00edmicos David Baker, Demis Hassabis e John M. Jumper<\/a>, &#8220;pelo design computacional de prote\u00ednas&#8221; e &#8220;pela previs\u00e3o da estrutura de prote\u00ednas&#8221;.<\/p>\n<p data-remotead-prev-elm=\"true\" data-remotead-elm-id=\"centro6\">Os pr\u00e9mios Nobel, criados em 1895 pelo qu\u00edmico, engenheiro e industrial sueco Alfred Nobel (inventor da dinamite), foram atribu\u00eddos pela primeira vez em 1901.<\/p>\n<p>Este \u00e9 o terceiro dos Nobel a ser anunciado, depois do da <a href=\"https:\/\/www.jn.pt\/mundo\/artigo\/nobel-da-medicina-para-mary-e-brunkow-fred-ramsdell-e-shimon-sakaguchi\/17991947\" target=\"_blank\" rel=\"nofollow noopener\">Fisiologia ou Medicina<\/a> e <a href=\"https:\/\/www.jn.pt\/mundo\/artigo\/nobel-da-fisica-para-john-clarke-michel-h-devoret-e-john-m-martinis\/18003551\" target=\"_blank\" rel=\"nofollow noopener\">F\u00edsica<\/a>, seguindo-se nos pr\u00f3ximos dias os galard\u00f5es relativos \u00e0 Literatura e Paz. O equiparado Pr\u00e9mio das Ci\u00eancias Econ\u00f3micas ou Economia, criado em homenagem a Alfred Nobel e atribu\u00eddo desde 1969, \u00e9 anunciado na pr\u00f3xima segunda-feira.<\/p>\n<p>A cerim\u00f3nia de entrega dos pr\u00e9mios ser\u00e1 no dia 10 de dezembro, quando se assinala o anivers\u00e1rio da morte de Alfred Nobel, que morreu em 1896.<\/p>\n","protected":false},"excerpt":{"rendered":"Susumu Kitagawa, Richard Robson e Omar Yaghi desenvolveram uma nova forma de arquitetura molecular &#8211; estruturas metalorg\u00e2nicas &#8211;&hellip;\n","protected":false},"author":2,"featured_media":102637,"comment_status":"","ping_status":"","sticky":false,"template":"","format":"standard","meta":{"footnotes":""},"categories":[50],"tags":[27,28,15,16,14,25,26,21,22,62,12,11311,24876,13,19,20,23,24,17,18,29,30,31,63,64,65],"class_list":{"0":"post-102636","1":"post","2":"type-post","3":"status-publish","4":"format-standard","5":"has-post-thumbnail","7":"category-mundo","8":"tag-breaking-news","9":"tag-breakingnews","10":"tag-featured-news","11":"tag-featurednews","12":"tag-headlines","13":"tag-latest-news","14":"tag-latestnews","15":"tag-main-news","16":"tag-mainnews","17":"tag-mundo","18":"tag-news","19":"tag-nobel","20":"tag-nobel-quimica","21":"tag-noticias","22":"tag-noticias-principais","23":"tag-noticiasprincipais","24":"tag-principais-noticias","25":"tag-principaisnoticias","26":"tag-top-stories","27":"tag-topstories","28":"tag-ultimas","29":"tag-ultimas-noticias","30":"tag-ultimasnoticias","31":"tag-world","32":"tag-world-news","33":"tag-worldnews"},"share_on_mastodon":{"url":"","error":""},"_links":{"self":[{"href":"https:\/\/www.europesays.com\/pt\/wp-json\/wp\/v2\/posts\/102636","targetHints":{"allow":["GET"]}}],"collection":[{"href":"https:\/\/www.europesays.com\/pt\/wp-json\/wp\/v2\/posts"}],"about":[{"href":"https:\/\/www.europesays.com\/pt\/wp-json\/wp\/v2\/types\/post"}],"author":[{"embeddable":true,"href":"https:\/\/www.europesays.com\/pt\/wp-json\/wp\/v2\/users\/2"}],"replies":[{"embeddable":true,"href":"https:\/\/www.europesays.com\/pt\/wp-json\/wp\/v2\/comments?post=102636"}],"version-history":[{"count":0,"href":"https:\/\/www.europesays.com\/pt\/wp-json\/wp\/v2\/posts\/102636\/revisions"}],"wp:featuredmedia":[{"embeddable":true,"href":"https:\/\/www.europesays.com\/pt\/wp-json\/wp\/v2\/media\/102637"}],"wp:attachment":[{"href":"https:\/\/www.europesays.com\/pt\/wp-json\/wp\/v2\/media?parent=102636"}],"wp:term":[{"taxonomy":"category","embeddable":true,"href":"https:\/\/www.europesays.com\/pt\/wp-json\/wp\/v2\/categories?post=102636"},{"taxonomy":"post_tag","embeddable":true,"href":"https:\/\/www.europesays.com\/pt\/wp-json\/wp\/v2\/tags?post=102636"}],"curies":[{"name":"wp","href":"https:\/\/api.w.org\/{rel}","templated":true}]}}