{"id":102638,"date":"2025-10-08T20:47:12","date_gmt":"2025-10-08T20:47:12","guid":{"rendered":"https:\/\/www.europesays.com\/pt\/102638\/"},"modified":"2025-10-08T20:47:12","modified_gmt":"2025-10-08T20:47:12","slug":"ativistas-brasileiros-detidos-por-israel-recorrem-a-vaquinha-para-regressar-ao-pais","status":"publish","type":"post","link":"https:\/\/www.europesays.com\/pt\/102638\/","title":{"rendered":"Ativistas brasileiros detidos por Israel recorrem a &#8220;vaquinha&#8221; para regressar ao pa\u00eds"},"content":{"rendered":"<p>Treze brasileiros detidos por Israel durante a viagem da flotilha humanit\u00e1ria Global Sumud lan\u00e7aram uma <a href=\"https:\/\/opencollective.com\/global-movement-to-gaza-br\" target=\"_blank\" rel=\"nofollow noopener\">campanha de recolha de fundos online <\/a>para custear o regresso ao pa\u00eds. O grupo foi deportado na segunda-feira e chegou \u00e0 Jord\u00e2nia na ter\u00e7a-feira, de onde aguarda transporte de regresso ao Brasil.<\/p>\n<p data-remotead-prev-elm=\"true\" data-remotead-elm-id=\"inread\">No caso portugu\u00eas, quatro ativistas &#8211; Mariana Mort\u00e1gua, Sofia Apar\u00edcio, Miguel Duarte e Diogo Chaves &#8211; foram detidos nas mesmas circunst\u00e2ncias e repatriados pelo Estado portugu\u00eas. Diferentemente do Brasil, o Governo adiantou o valor das passagens, mas enviou posteriormente aos detidos um formul\u00e1rio de pedido de reembolso, suscitando cr\u00edticas p\u00fablicas de Mort\u00e1gua, n\u00e3o s\u00f3 como visada, mas tamb\u00e9m como deputada e l\u00edder parlamentar do Bloco de Esquerda.<\/p>\n<p>Num comunicado divulgado pela delega\u00e7\u00e3o brasileira da flotilha, os organizadores afirmam que &#8220;o governo brasileiro ainda n\u00e3o se prop\u00f4s a pagar as passagens dos participantes&#8221;, o que motivou a cria\u00e7\u00e3o de uma &#8220;vaquinha&#8221; digital. A iniciativa apela \u00e0 solidariedade de apoiantes e de movimentos sociais para garantir que todos possam regressar em seguran\u00e7a.<\/p>\n<p>Sem apoio do Estado, solidariedade popular<\/p>\n<p data-remotead-prev-elm=\"true\" data-remotead-elm-id=\"centro1\">A Global Sumud Flotilla, que zarpou do porto de Gazima\u011fusa, em Chipre, com destino \u00e0 Faixa de Gaza, tinha como objetivo entregar ajuda humanit\u00e1ria e denunciar o bloqueio imposto por Israel. A embarca\u00e7\u00e3o foi intercetada pelas for\u00e7as navais israelitas e os seus ocupantes detidos na pris\u00e3o de Ktzi&#8221;ot, no deserto do Negueve.<\/p>\n<p>Entre os treze brasileiros libertados encontram-se ativistas e representantes pol\u00edticos, como a deputada federal Luizianne Lins (PT-CE) e a vereadora Mariana Conti (PSOL-SP). &#8220;Foi uma experi\u00eancia dura, mas seguimos firmes na den\u00fancia do apartheid e do genoc\u00eddio contra o povo palestiniano&#8221;, afirmou Lins \u00e0 chegada \u00e0 Jord\u00e2nia.<\/p>\n<p data-remotead-prev-elm=\"true\" data-remotead-elm-id=\"centro2\">Sem resposta oficial do governo de Bras\u00edlia quanto ao repatriamento, os ativistas decidiram avan\u00e7ar por conta pr\u00f3pria. &#8220;O pedido de arrecada\u00e7\u00e3o \u00e9 um gesto de autonomia e solidariedade colectiva&#8221;, l\u00ea-se no apelo. At\u00e9 ao final da tarde de ter\u00e7a-feira, a campanha j\u00e1 somava centenas de contribui\u00e7\u00f5es de simpatizantes dentro e fora do Brasil.<\/p>\n","protected":false},"excerpt":{"rendered":"Treze brasileiros detidos por Israel durante a viagem da flotilha humanit\u00e1ria Global Sumud lan\u00e7aram uma campanha de recolha&hellip;\n","protected":false},"author":2,"featured_media":102639,"comment_status":"","ping_status":"","sticky":false,"template":"","format":"standard","meta":{"footnotes":""},"categories":[8],"tags":[726,27,28,311,257,15,16,20299,14,25,26,21,22,62,12,13,19,20,32,23,24,33,15695,17,18,29,30,31],"class_list":{"0":"post-102638","1":"post","2":"type-post","3":"status-publish","4":"format-standard","5":"has-post-thumbnail","7":"category-principais-noticias","8":"tag-brasil","9":"tag-breaking-news","10":"tag-breakingnews","11":"tag-conflito-israelo-palestiniano","12":"tag-faixa-de-gaza","13":"tag-featured-news","14":"tag-featurednews","15":"tag-flotilha-humanitaria","16":"tag-headlines","17":"tag-latest-news","18":"tag-latestnews","19":"tag-main-news","20":"tag-mainnews","21":"tag-mundo","22":"tag-news","23":"tag-noticias","24":"tag-noticias-principais","25":"tag-noticiasprincipais","26":"tag-portugal","27":"tag-principais-noticias","28":"tag-principaisnoticias","29":"tag-pt","30":"tag-repatriamento","31":"tag-top-stories","32":"tag-topstories","33":"tag-ultimas","34":"tag-ultimas-noticias","35":"tag-ultimasnoticias"},"share_on_mastodon":{"url":"","error":""},"_links":{"self":[{"href":"https:\/\/www.europesays.com\/pt\/wp-json\/wp\/v2\/posts\/102638","targetHints":{"allow":["GET"]}}],"collection":[{"href":"https:\/\/www.europesays.com\/pt\/wp-json\/wp\/v2\/posts"}],"about":[{"href":"https:\/\/www.europesays.com\/pt\/wp-json\/wp\/v2\/types\/post"}],"author":[{"embeddable":true,"href":"https:\/\/www.europesays.com\/pt\/wp-json\/wp\/v2\/users\/2"}],"replies":[{"embeddable":true,"href":"https:\/\/www.europesays.com\/pt\/wp-json\/wp\/v2\/comments?post=102638"}],"version-history":[{"count":0,"href":"https:\/\/www.europesays.com\/pt\/wp-json\/wp\/v2\/posts\/102638\/revisions"}],"wp:featuredmedia":[{"embeddable":true,"href":"https:\/\/www.europesays.com\/pt\/wp-json\/wp\/v2\/media\/102639"}],"wp:attachment":[{"href":"https:\/\/www.europesays.com\/pt\/wp-json\/wp\/v2\/media?parent=102638"}],"wp:term":[{"taxonomy":"category","embeddable":true,"href":"https:\/\/www.europesays.com\/pt\/wp-json\/wp\/v2\/categories?post=102638"},{"taxonomy":"post_tag","embeddable":true,"href":"https:\/\/www.europesays.com\/pt\/wp-json\/wp\/v2\/tags?post=102638"}],"curies":[{"name":"wp","href":"https:\/\/api.w.org\/{rel}","templated":true}]}}