{"id":102648,"date":"2025-10-08T20:53:16","date_gmt":"2025-10-08T20:53:16","guid":{"rendered":"https:\/\/www.europesays.com\/pt\/102648\/"},"modified":"2025-10-08T20:53:16","modified_gmt":"2025-10-08T20:53:16","slug":"o-senhor-dos-aneis-elijah-wood-da-noticia-animadora-sobre-o-novo-filme","status":"publish","type":"post","link":"https:\/\/www.europesays.com\/pt\/102648\/","title":{"rendered":"O Senhor dos An\u00e9is: Elijah Wood d\u00e1 not\u00edcia animadora sobre o novo filme"},"content":{"rendered":"<p>  <img width=\"76\" height=\"40\"   alt=\"Capa da Publica\u00e7\u00e3o\" class=\"article-cover__image\"\/><\/p>\n<p class=\"post__tagline\">Um filme para todos animar!<\/p>\n<p>Elijah Wood deixou os f\u00e3s de <strong>O Senhor dos An\u00e9is<\/strong> empolgados ao revelar novas informa\u00e7\u00f5es sobre o pr\u00f3ximo filme da franquia,<strong> The Lord of the Rings: The Hunt for Gollum<\/strong>.<\/p>\n<p>Durante o evento DesertCon, o ator falou abertamente sobre o que sabe da produ\u00e7\u00e3o e confirmou que a mesma equipe criativa que deu vida \u00e0 Terra-M\u00e9dia nos Anos 2000 est\u00e1 de volta.<\/p>\n<blockquote>\n<p>\u00c9\u2026 Eu t\u00f4 sabendo sobre o filme. Li o roteiro. Est\u00e1 muito bom. \u00c9 muito animador. Fran [Walsh], Peter [Jackson] e Philippa [Boyens]. Todos est\u00e3o envolvidos, o que \u00e9 \u00f3timo! Eles est\u00e3oreunindo novamente as pessoas que trabalharam nos filmes originais e tudo ser\u00e1 filmado na Nova Zel\u00e2ndia. \u00c9 incr\u00edvel ver esse time voltando \u00e0 ativa.<\/p>\n<\/blockquote>\n<p>O ator, que viveu <strong>Frodo Bolseiro<\/strong> na trilogia original, demonstrou entusiasmo com o retorno da equipe que ajudou a transformar a obra de <strong>J.R.R. Tolkien<\/strong> em um marco do cinema.<\/p>\n<p>O envolvimento de Peter Jackson, Fran Walsh e Philippa Boyens reacende a esperan\u00e7a de que o novo longa preserve a identidade visual e emocional que tornou O Senhor dos An\u00e9is t\u00e3o ic\u00f4nico.<\/p>\n<p>Dirigido por <strong>Andy Serkis<\/strong>, que tamb\u00e9m retorna ao papel de Gollum, <strong>The Hunt for Gollum<\/strong> promete explorar a trajet\u00f3ria do personagem antes dos eventos da trilogia principal.<\/p>\n<p><img fetchpriority=\"high\" decoding=\"async\" aria-describedby=\"caption-attachment-872498\" class=\"size-full wp-image-872498 lazyload\" alt=\"\" width=\"2048\" height=\"1512\" \/><\/p>\n<p id=\"caption-attachment-872498\" class=\"wp-caption-text\">Elijah Wood durante a DesertCon<\/p>\n<p>Ainda sem data de lan\u00e7amento definida, o filme deve chegar aos cinemas em <strong>2027<\/strong>.<\/p>\n<p>Aproveite para relembrar:<\/p>\n","protected":false},"excerpt":{"rendered":"Um filme para todos animar! Elijah Wood deixou os f\u00e3s de O Senhor dos An\u00e9is empolgados ao revelar&hellip;\n","protected":false},"author":2,"featured_media":102649,"comment_status":"","ping_status":"","sticky":false,"template":"","format":"standard","meta":{"footnotes":""},"categories":[140],"tags":[24877,16692,21354,24880,24881,114,115,147,148,24879,24878,146,32,33],"class_list":{"0":"post-102648","1":"post","2":"type-post","3":"status-publish","4":"format-standard","5":"has-post-thumbnail","7":"category-filmes","8":"tag-androide-18","9":"tag-andy-serkis","10":"tag-ciclone","11":"tag-daemon-targaryen","12":"tag-dublador","13":"tag-entertainment","14":"tag-entretenimento","15":"tag-film","16":"tag-filmes","17":"tag-god-of-war-fallen-god","18":"tag-john-rhys-davies","19":"tag-movies","20":"tag-portugal","21":"tag-pt"},"share_on_mastodon":{"url":"","error":""},"_links":{"self":[{"href":"https:\/\/www.europesays.com\/pt\/wp-json\/wp\/v2\/posts\/102648","targetHints":{"allow":["GET"]}}],"collection":[{"href":"https:\/\/www.europesays.com\/pt\/wp-json\/wp\/v2\/posts"}],"about":[{"href":"https:\/\/www.europesays.com\/pt\/wp-json\/wp\/v2\/types\/post"}],"author":[{"embeddable":true,"href":"https:\/\/www.europesays.com\/pt\/wp-json\/wp\/v2\/users\/2"}],"replies":[{"embeddable":true,"href":"https:\/\/www.europesays.com\/pt\/wp-json\/wp\/v2\/comments?post=102648"}],"version-history":[{"count":0,"href":"https:\/\/www.europesays.com\/pt\/wp-json\/wp\/v2\/posts\/102648\/revisions"}],"wp:featuredmedia":[{"embeddable":true,"href":"https:\/\/www.europesays.com\/pt\/wp-json\/wp\/v2\/media\/102649"}],"wp:attachment":[{"href":"https:\/\/www.europesays.com\/pt\/wp-json\/wp\/v2\/media?parent=102648"}],"wp:term":[{"taxonomy":"category","embeddable":true,"href":"https:\/\/www.europesays.com\/pt\/wp-json\/wp\/v2\/categories?post=102648"},{"taxonomy":"post_tag","embeddable":true,"href":"https:\/\/www.europesays.com\/pt\/wp-json\/wp\/v2\/tags?post=102648"}],"curies":[{"name":"wp","href":"https:\/\/api.w.org\/{rel}","templated":true}]}}