{"id":102654,"date":"2025-10-08T20:56:26","date_gmt":"2025-10-08T20:56:26","guid":{"rendered":"https:\/\/www.europesays.com\/pt\/102654\/"},"modified":"2025-10-08T20:56:26","modified_gmt":"2025-10-08T20:56:26","slug":"secret-story-cristina-ferreira-reage-ao-beijo-na-boca-de-fabio-e-liliana-e-alerta-para-coincidencia","status":"publish","type":"post","link":"https:\/\/www.europesays.com\/pt\/102654\/","title":{"rendered":"&#8220;Secret Story&#8221;: Cristina Ferreira reage ao beijo na boca de F\u00e1bio e Liliana&#8230; e alerta para coincid\u00eancia!"},"content":{"rendered":"<p>Foi nesta ter\u00e7a-feira, dia 7, que <a href=\"http:\/\/Liliana Oliveira e F\u00e1bio Pereira\" target=\"_blank\" rel=\"nofollow\">Liliana Oliveira e F\u00e1bio Pereira deram finalmente um beijo na boca<\/a>. Pr\u00f3ximos praticamente desde o in\u00edcio da oitava edi\u00e7\u00e3o de &#8220;Secret Story &#8211; Casa dos Segredos&#8221;, os concorrentes\u00a0cederam \u00e0 tenta\u00e7\u00e3o num momento de cumplicidade num dos quartos.<\/p>\n<p>Por interm\u00e9dio do Instagram, <a href=\"https:\/\/selfie.iol.pt\/famosos\/casa-dos-segredos-9\/agora-o-que-acontece-ao-segredo-de-liliana-em-secret-story-cristina-ferreira-esclarece-tudo\/20251005\/68e2ea95d34e58bc67968d40\" target=\"_blank\" rel=\"nofollow noopener\">Cristina Ferreira<\/a> reagiu ao momento e alertou para uma coincid\u00eancia.\u00a0&#8220;A Liliana faz anos&#8221;, assinalou a apresentadora, colocando um emoji de festejos, aludindo ao facto de o primeiro beijo na boca do casal ter acontecido no dia do 24.\u00ba anivers\u00e1rio da jovem.<\/p>\n<p>Importa ainda referir que, segundos ap\u00f3s o beijo, Vera Santos, com quem F\u00e1bio Pereira j\u00e1 se envolveu no passado, entrou na mesma divis\u00e3o da casa mais vigiada do Pa\u00eds e deu de caras com o casal numa cama.<\/p>\n<p>Recorde-se que o primeiro beijo na boca aconteceu apenas dois dias depois de, em direto, em plena gala de &#8220;Secret Story &#8211; Casa dos Segredos&#8221;, Liliana Oliveira ter colocado um ponto final no noivado com Jos\u00e9 Andrade. O pedido de casamento, recorde-se, tinha sido feito exatamente tr\u00eas semanas antes, na emiss\u00e3o inaugural do reality show da <a href=\"https:\/\/tvi.iol.pt\/\" target=\"_blank\" rel=\"nofollow noopener\">TVI<\/a>.<\/p>\n<p>Veja, agora, o v\u00eddeo do momento protagonizado por Liliana Oliveira e F\u00e1bio Pereira em &#8220;<a href=\"https:\/\/tvi.iol.pt\/secretstory\/\" target=\"_blank\" rel=\"nofollow noopener\">Secret Story<\/a> &#8211; Casa dos Segredos&#8221;.<\/p>\n","protected":false},"excerpt":{"rendered":"Foi nesta ter\u00e7a-feira, dia 7, que Liliana Oliveira e F\u00e1bio Pereira deram finalmente um beijo na boca. Pr\u00f3ximos&hellip;\n","protected":false},"author":2,"featured_media":102655,"comment_status":"","ping_status":"","sticky":false,"template":"","format":"standard","meta":{"footnotes":""},"categories":[85],"tags":[3539,2632,13471,6338,328,166,114,115,19082,24884,980,1015,24885,19016,24883,619,32,33,1014,1315,6985,16687,16686,1012,6986,16688,162,11841,24887,24886,975],"class_list":{"0":"post-102654","1":"post","2":"type-post","3":"status-publish","4":"format-standard","5":"has-post-thumbnail","7":"category-entretenimento","8":"tag-apresentadora","9":"tag-casa-dos-segredos","10":"tag-casa-dos-segredos-9","11":"tag-concorrente","12":"tag-concorrentes","13":"tag-cristina-ferreira","14":"tag-entertainment","15":"tag-entretenimento","16":"tag-fabio","17":"tag-fabio-pereira","18":"tag-famosos","19":"tag-instagram","20":"tag-jose-andrade","21":"tag-liliana","22":"tag-liliana-oliveira","23":"tag-nacional","24":"tag-portugal","25":"tag-pt","26":"tag-reality-show","27":"tag-secret-story","28":"tag-secret-story-casa-dos-segredos","29":"tag-secret-story-casa-dos-segredos-9","30":"tag-secret-story-9","31":"tag-selfie","32":"tag-ss","33":"tag-ss9","34":"tag-tvi","35":"tag-vera","36":"tag-vera-claudia","37":"tag-vera-santos","38":"tag-ze"},"share_on_mastodon":{"url":"","error":""},"_links":{"self":[{"href":"https:\/\/www.europesays.com\/pt\/wp-json\/wp\/v2\/posts\/102654","targetHints":{"allow":["GET"]}}],"collection":[{"href":"https:\/\/www.europesays.com\/pt\/wp-json\/wp\/v2\/posts"}],"about":[{"href":"https:\/\/www.europesays.com\/pt\/wp-json\/wp\/v2\/types\/post"}],"author":[{"embeddable":true,"href":"https:\/\/www.europesays.com\/pt\/wp-json\/wp\/v2\/users\/2"}],"replies":[{"embeddable":true,"href":"https:\/\/www.europesays.com\/pt\/wp-json\/wp\/v2\/comments?post=102654"}],"version-history":[{"count":0,"href":"https:\/\/www.europesays.com\/pt\/wp-json\/wp\/v2\/posts\/102654\/revisions"}],"wp:featuredmedia":[{"embeddable":true,"href":"https:\/\/www.europesays.com\/pt\/wp-json\/wp\/v2\/media\/102655"}],"wp:attachment":[{"href":"https:\/\/www.europesays.com\/pt\/wp-json\/wp\/v2\/media?parent=102654"}],"wp:term":[{"taxonomy":"category","embeddable":true,"href":"https:\/\/www.europesays.com\/pt\/wp-json\/wp\/v2\/categories?post=102654"},{"taxonomy":"post_tag","embeddable":true,"href":"https:\/\/www.europesays.com\/pt\/wp-json\/wp\/v2\/tags?post=102654"}],"curies":[{"name":"wp","href":"https:\/\/api.w.org\/{rel}","templated":true}]}}