{"id":102658,"date":"2025-10-08T20:59:24","date_gmt":"2025-10-08T20:59:24","guid":{"rendered":"https:\/\/www.europesays.com\/pt\/102658\/"},"modified":"2025-10-08T20:59:24","modified_gmt":"2025-10-08T20:59:24","slug":"netanyahu-volta-a-enganar-se-sobre-os-refens-familias-exigem-explicacao-cnn-portugal","status":"publish","type":"post","link":"https:\/\/www.europesays.com\/pt\/102658\/","title":{"rendered":"Netanyahu volta a enganar-se sobre os ref\u00e9ns, fam\u00edlias exigem &quot;explica\u00e7\u00e3o&quot; &#8211; CNN Portugal"},"content":{"rendered":"<ol>\n<li><a href=\"https:\/\/news.google.com\/rss\/articles\/CBMi-AFBVV95cUxOTjJ1WTUwbXc4ZTNBVGplUWZRYWVYSnZBVEVlc0RMaVUtOGo5VEZ2cnhlV3lILW9uQ3o5Q0ZZMlhweDFQN1g2WFhNQzEzWHBRUEx4WXpOZG9uWm5RbjNBenJiQ3dIMGJWUDhOdDlCdFZ6WUFKZlJ4UG9jQ0JPQlM0Zm1UcGFFTEZORnVNV21xdmFraGt4Z2ptNVFHOE12UjhvZjlUWnFyYmVzZHo3dmxHTW1tblZOT3YyMTZxNWJBd0ZqZ2ttamFvMUhuM2ZaMEoyLU9aeWY1WHpCLXhCM0NjMEh4c015SDhlX0pydjYzb2U5T0w5UWZ4WNIB_gFBVV95cUxOdGw5RU1lU1F2Tm1qcmNoS1BMdkFPdE1ocWtBYkdpRmhpdnBWVjN1WGR0ZlVYbFNoNWtkM0JkbFJ0OFlQbXFhaFJLQ0o3OXNkUnBNRXBNSTM2eVdlbHlLUEY5WkV5SDZ3NmlKWU0tMFBMU3R5MEtYREdsRTZyT3RialBXai11LUtIRFBVanNrSUNQbnhQZWVLUGZtbzVQQmEwUmdvdlRsRENzR3JJX3QxVHR3Q1NJTTB5OElmNkQtbTcyY1hsMWxVLVB1dmlaRDluMnJQZmM0c1dpU0xpN0ZtV0c4SktSVGhvd1UyNjQ4MEVtaTVSS2dNaFYyZlhwQQ?oc=5\" target=\"_blank\" rel=\"nofollow noopener\">Netanyahu volta a enganar-se sobre os ref\u00e9ns, fam\u00edlias exigem &#8220;explica\u00e7\u00e3o&#8221;<\/a>&nbsp;&nbsp;CNN Portugal<\/li>\n<li><a href=\"https:\/\/news.google.com\/rss\/articles\/CBMirwFBVV95cUxOcndMTGcxT3YxTWFwb1ZYdl9HUVFPTFRvd25yVm1MRDg4NEtZZTVmcTZjR01MVmg3QlptUTNKcE1QanVBRHNENEdjVE0zZF9uWi1TMVlpY1FSaGRLRG9OaGlheVFDeGxMLVBobS04VTROS3dWN3lpZVVEUXVCb0JYeEtaLWJwVThYRHZkUWpKeWhnd0xzTVhtbjhWOTg2d2tNaWhETXlxZXlLZGZTUVNB?oc=5\" target=\"_blank\" rel=\"nofollow noopener\">A incerta situa\u00e7\u00e3o dos 20 ref\u00e9ns israelenses supostamente vivos em Gaza<\/a>&nbsp;&nbsp;CartaCapital<\/li>\n<li><a href=\"https:\/\/news.google.com\/rss\/articles\/CBMi6wFBVV95cUxOQ2EzWVlvRnF3dHYzQ19qM3Z2Wjl6cWkxTXp5OG1MSEpxaWpNQTFMUTZKVHZyR0JlYlVMaEtwUlFKOXNIMEVuWXNOdWtBQUNVaHEzQmRWTm90VjBwNTRHWDFhNVFKMVQ2Undtd2t2TnFYMDhzZGxpc2t0TEttZTMwVGt3SXBzR0Rmejc4cDJ4b3RoTjZLVGI4Sko0ZEVyNWhMMEJlVTBIa052U283T2NiOUVPeC0yN3JIdVlHODc0VVJ5bTVRdzJrSVJuVW5wbjJUbXh0S0VsQndKUGFuNFNJaFV3Y2xXOTNkZVNV0gHwAUFVX3lxTE53NTh2bk5mMDRQVVRuS2cyOU9DMDBTSHhrc0N4amZ0SzNWUTdlWVhfYktMMDNhUjd1Q3FSR2N4Zk5UYkNiZzJYQVFEZWZzbTFOdFo1VWtLX0IzaGwyZWYzbmhBcDJ1YjJWenVycmJ3eVRDR2JIbWQyci1yTVpLV3lLUVg4Wl9NRzh0T0J2UnpwbEREd3pOblpUOEt6R2hwMzRJRWJjT0lScGF4R3gxczhKdXVQTnl2OHpwYWMyTEZqTjk0a0swNDFmRGdnWEJ4Q0hCempuS3k2RkpYdDBlUTV2dmt4T3NWOFFBOGxyUThpRA?oc=5\" target=\"_blank\" rel=\"nofollow noopener\">Presidente de Israel afirma que a liberta\u00e7\u00e3o dos ref\u00e9ns \u00e9 a \u2018chave\u2019 para \u2018viabilizar um processo de paz\u2019<\/a>&nbsp;&nbsp;Jovem Pan<\/li>\n<li><a href=\"https:\/\/news.google.com\/rss\/articles\/CBMimAFBVV95cUxNTmJQWTlEOWJIUmJuREFCTWd5R0dmaUVuOEw3OE5BM0hzZjhNOUljLXN2UnJUNDNSajloX0hRaExMVGRRSlgxQmczbjIwaFFoc3c1YlJ4QkhGamk2U29VTmMyUU15eTRiRGNXN1MteWZ2YnlVSktLX3A5ZlNhUjlUekJrQURLVkdQeWFVRHNfSkZWSjFjTk02eg?oc=5\" target=\"_blank\" rel=\"nofollow noopener\">Presidente do CICV: cessar-fogo em Gaza \u00e9 fundamental para salvar vidas e reunir fam\u00edlias<\/a>&nbsp;&nbsp;ICRC | International Committee of the Red Cross<\/li>\n<li><a href=\"https:\/\/news.google.com\/rss\/articles\/CBMimgFBVV95cUxPVkF3MUNZVGFNeTlJcFI4Y01nNUZjRjJLalNwNWFmOHlZNE9ySGNvSDBlREJoZkplcEFYY1lBN252c2N6dUtWUkFxYXVRZjRjZ0lIeVJfMy1xY0ZGdzNMWjlSeUtRRWE0d2cxS2dhdHJ4MFFJbmlvaW9mTXR2eUVJUzhERl9CVjJ4TzVxVHYyUGd1eG9VdFZXTWxR?oc=5\" target=\"_blank\" rel=\"nofollow noopener\">Israel acredita que Hamas n\u00e3o sabe de ref\u00e9ns mortos<\/a>&nbsp;&nbsp;Observador<\/li>\n<\/ol>\n","protected":false},"excerpt":{"rendered":"Netanyahu volta a enganar-se sobre os ref\u00e9ns, fam\u00edlias exigem &#8220;explica\u00e7\u00e3o&#8221;&nbsp;&nbsp;CNN Portugal A incerta situa\u00e7\u00e3o dos 20 ref\u00e9ns israelenses&hellip;\n","protected":false},"author":2,"featured_media":99287,"comment_status":"","ping_status":"","sticky":false,"template":"","format":"standard","meta":{"footnotes":""},"categories":[50],"tags":[27,28,15,16,14,25,26,21,22,62,12,13,19,20,23,24,17,18,29,30,31,63,64,65],"class_list":{"0":"post-102658","1":"post","2":"type-post","3":"status-publish","4":"format-standard","5":"has-post-thumbnail","7":"category-mundo","8":"tag-breaking-news","9":"tag-breakingnews","10":"tag-featured-news","11":"tag-featurednews","12":"tag-headlines","13":"tag-latest-news","14":"tag-latestnews","15":"tag-main-news","16":"tag-mainnews","17":"tag-mundo","18":"tag-news","19":"tag-noticias","20":"tag-noticias-principais","21":"tag-noticiasprincipais","22":"tag-principais-noticias","23":"tag-principaisnoticias","24":"tag-top-stories","25":"tag-topstories","26":"tag-ultimas","27":"tag-ultimas-noticias","28":"tag-ultimasnoticias","29":"tag-world","30":"tag-world-news","31":"tag-worldnews"},"share_on_mastodon":{"url":"","error":""},"_links":{"self":[{"href":"https:\/\/www.europesays.com\/pt\/wp-json\/wp\/v2\/posts\/102658","targetHints":{"allow":["GET"]}}],"collection":[{"href":"https:\/\/www.europesays.com\/pt\/wp-json\/wp\/v2\/posts"}],"about":[{"href":"https:\/\/www.europesays.com\/pt\/wp-json\/wp\/v2\/types\/post"}],"author":[{"embeddable":true,"href":"https:\/\/www.europesays.com\/pt\/wp-json\/wp\/v2\/users\/2"}],"replies":[{"embeddable":true,"href":"https:\/\/www.europesays.com\/pt\/wp-json\/wp\/v2\/comments?post=102658"}],"version-history":[{"count":0,"href":"https:\/\/www.europesays.com\/pt\/wp-json\/wp\/v2\/posts\/102658\/revisions"}],"wp:featuredmedia":[{"embeddable":true,"href":"https:\/\/www.europesays.com\/pt\/wp-json\/wp\/v2\/media\/99287"}],"wp:attachment":[{"href":"https:\/\/www.europesays.com\/pt\/wp-json\/wp\/v2\/media?parent=102658"}],"wp:term":[{"taxonomy":"category","embeddable":true,"href":"https:\/\/www.europesays.com\/pt\/wp-json\/wp\/v2\/categories?post=102658"},{"taxonomy":"post_tag","embeddable":true,"href":"https:\/\/www.europesays.com\/pt\/wp-json\/wp\/v2\/tags?post=102658"}],"curies":[{"name":"wp","href":"https:\/\/api.w.org\/{rel}","templated":true}]}}