{"id":102659,"date":"2025-10-08T21:05:27","date_gmt":"2025-10-08T21:05:27","guid":{"rendered":"https:\/\/www.europesays.com\/pt\/102659\/"},"modified":"2025-10-08T21:05:27","modified_gmt":"2025-10-08T21:05:27","slug":"descobrimos-este-sitio-imperdivel-kelly-bailey-e-lourenco-ortigao-vivem-momentos-unicos-em-local-especial-novelas","status":"publish","type":"post","link":"https:\/\/www.europesays.com\/pt\/102659\/","title":{"rendered":"\u00abDescobrimos este s\u00edtio imperd\u00edvel\u00bb: Kelly Bailey e Louren\u00e7o Ortig\u00e3o vivem momentos \u00fanicos em local especial &#8211; Novelas"},"content":{"rendered":"<p data-end=\"719\" data-start=\"238\"><a href=\"https:\/\/tvi.iol.pt\/novelas\/lourenco-ortigao\/kelly-bailey\/kelly-bailey-e-lourenco-ortigao-mais-cumplices-do-que-nunca-nos-preparativos-para-casamento\" rel=\"nofollow noopener\" target=\"_blank\"><strong data-end=\"254\" data-start=\"238\">Kelly Bailey<\/strong> e <strong data-end=\"277\" data-start=\"257\">Louren\u00e7o Ortig\u00e3o<\/strong><\/a>, casal conhecido pelo seu esp\u00edrito din\u00e2mico e pelo tempo que dedicam \u00e0 fam\u00edlia e \u00e0 conviv\u00eancia com amigos, desfrutaram recentemente de um <strong data-end=\"458\" data-start=\"416\">passeio cultural e divertido em \u00d3bidos<\/strong>. Durante a visita, o casal teve a oportunidade de <strong data-end=\"540\" data-start=\"509\">mergulhar na tradi\u00e7\u00e3o local<\/strong>, participando na <strong data-end=\"587\" data-start=\"558\">produ\u00e7\u00e3o de p\u00e3o artesanal<\/strong> e provando a famosa <strong data-end=\"627\" data-start=\"608\">ginja de \u00d3bidos<\/strong>, numa experi\u00eancia que combinaram com a hospitalidade do restaurante onde foram recebidos.<\/p>\n<p data-end=\"887\" data-start=\"721\">O passeio revelou-se <strong data-end=\"794\" data-start=\"742\">uma experi\u00eancia enriquecedora e cheia de alegria<\/strong> para Kelly e Louren\u00e7o, que n\u00e3o esconderam o entusiasmo nas redes sociais. Kelly partilhou: \u00abPasseio em \u00d3bidos, descobrimos este s\u00edtio imperd\u00edvel.\u00bb<\/p>\n<p data-end=\"887\" data-start=\"721\"><img loading=\"lazy\" decoding=\"async\" alt=\"\" height=\"177\" src=\"https:\/\/www.europesays.com\/pt\/wp-content\/uploads\/2025\/10\/68e53318d34e58bc67969f38.webp\" width=\"100\"\/><\/p>\n<p data-end=\"1020\" data-start=\"949\">Louren\u00e7o, por sua vez, mostrou-se grato pela <strong data-end=\"1017\" data-start=\"994\">hospitalidade local<\/strong>: \u00abObrigado por nos receberem t\u00e3o bem.\u00bb<\/p>\n<p data-end=\"1020\" data-start=\"949\"><img loading=\"lazy\" decoding=\"async\" alt=\"\" height=\"175\" src=\"https:\/\/www.europesays.com\/pt\/wp-content\/uploads\/2025\/10\/68e53318d34ee0c2fed0fb16.webp\" width=\"100\"\/><\/p>\n<p data-end=\"1392\" data-start=\"1064\">Conhecidos por serem um casal que valoriza <strong data-end=\"1164\" data-start=\"1107\">momentos em fam\u00edlia, amizade e experi\u00eancias culturais<\/strong>, Kelly Bailey e Louren\u00e7o Ortig\u00e3o demonstraram mais uma vez como conseguem <strong data-end=\"1277\" data-start=\"1239\">combinar lazer, cultura e partilha<\/strong>, tornando cada sa\u00edda uma oportunidade para descobrir novos locais e fortalecer la\u00e7os com as pessoas \u00e0 sua volta. O passeio em \u00d3bidos, com <strong data-end=\"1470\" data-start=\"1419\">p\u00e3o fresco, ginja tradicional e boas companhias<\/strong>, fica assim como um <strong data-end=\"1528\" data-start=\"1491\">momento especial na vida do casal<\/strong>, refletindo a sua <strong data-end=\"1616\" data-start=\"1547\">energia positiva, curiosidade e gosto por experi\u00eancias aut\u00eanticas<\/strong>.<\/p>\n<p data-end=\"2160\" data-start=\"1957\"><strong data-end=\"1992\" data-start=\"1957\">Relembre-se que\u00a0<\/strong><strong data-end=\"1198\" data-start=\"1163\">Kelly Bailey e Louren\u00e7o Ortig\u00e3o<\/strong>\u00a0s\u00e3o um dos casais mais medi\u00e1ticos da televis\u00e3o portuguesa. Conheceram-se durante as grava\u00e7\u00f5es de novelas da\u00a0<strong data-end=\"1314\" data-start=\"1307\">TVI<\/strong>\u00a0e est\u00e3o juntos desde\u00a0<strong data-end=\"1344\" data-start=\"1336\">2017<\/strong>. O casal \u00e9 pai de\u00a0<strong data-end=\"1379\" data-start=\"1363\">Vicente Blue<\/strong>, nascido a\u00a0<strong data-end=\"1413\" data-start=\"1391\">9 de julho de 2023<\/strong>, e ficaram\u00a0<strong data-end=\"1454\" data-start=\"1425\">noivos em janeiro de 2025<\/strong>, durante f\u00e9rias no\u00a0<strong data-end=\"1484\" data-start=\"1474\">M\u00e9xico<\/strong>, consolidando a rela\u00e7\u00e3o com um compromisso oficial.\u00a0<\/p>\n<p data-end=\"2160\" data-start=\"1957\">Veja aqui mais um dos momentos mais queridos em fam\u00edlia:\u00a0<\/p>\n<p data-end=\"1619\" data-start=\"1394\">Veja tamb\u00e9m:\u00a0<\/p>\n<p><a href=\"https:\/\/tvi.iol.pt\/novelas\/debora-ghira\/bullying\/aviso-todas-as-maes-o-grito-de-revolta-de-atriz-conhecida-apos-o-filho-ser-alvo-de-bullying\" wbo-id=\"49\" rel=\"nofollow noopener\" target=\"_blank\">\u00abAviso todas as m\u00e3es\u00bb: o grito de revolta de atriz conhecida ap\u00f3s o filho ser alvo de bullying &#8211; Novelas &#8211; TVI<\/a><\/p>\n<p><a href=\"https:\/\/tvi.iol.pt\/novelas\/jose-carlos-pereira\/flotilha\/para-minha-defesa-jose-carlos-pereira-e-apanhado-desprevenido-a-chegada-da-flotilha\" wbo-id=\"50\" rel=\"nofollow noopener\" target=\"_blank\">\u00abPara minha defesa&#8230;\u00bb: Jos\u00e9 Carlos Pereira \u00e9 apanhado desprevenido \u00e0 chegada da Flotilha &#8211; Novelas &#8211; TVI<\/a>\u00a0<\/p>\n","protected":false},"excerpt":{"rendered":"Kelly Bailey e Louren\u00e7o Ortig\u00e3o, casal conhecido pelo seu esp\u00edrito din\u00e2mico e pelo tempo que dedicam \u00e0 fam\u00edlia&hellip;\n","protected":false},"author":2,"featured_media":102660,"comment_status":"","ping_status":"","sticky":false,"template":"","format":"standard","meta":{"footnotes":""},"categories":[145],"tags":[2642,160,1435,211,210,166,114,115,157,167,164,2411,2730,161,15393,158,165,159,32,33,156,163,162],"class_list":{"0":"post-102659","1":"post","2":"type-post","3":"status-publish","4":"format-standard","5":"has-post-thumbnail","7":"category-celebridades","8":"tag-amor","9":"tag-ana-guiomar","10":"tag-casamento","11":"tag-celebridades","12":"tag-celebrities","13":"tag-cristina-ferreira","14":"tag-entertainment","15":"tag-entretenimento","16":"tag-festa-e-festa","17":"tag-ficcao","18":"tag-jose-fidalgo","19":"tag-kelly-bailey","20":"tag-lourenco-ortigao","21":"tag-novelas","22":"tag-obidos","23":"tag-para-sempre","24":"tag-pedro-sousa","25":"tag-pedro-teixeira","26":"tag-portugal","27":"tag-pt","28":"tag-queridos-papas","29":"tag-tiago-teotonio-pereira","30":"tag-tvi"},"share_on_mastodon":{"url":"","error":""},"_links":{"self":[{"href":"https:\/\/www.europesays.com\/pt\/wp-json\/wp\/v2\/posts\/102659","targetHints":{"allow":["GET"]}}],"collection":[{"href":"https:\/\/www.europesays.com\/pt\/wp-json\/wp\/v2\/posts"}],"about":[{"href":"https:\/\/www.europesays.com\/pt\/wp-json\/wp\/v2\/types\/post"}],"author":[{"embeddable":true,"href":"https:\/\/www.europesays.com\/pt\/wp-json\/wp\/v2\/users\/2"}],"replies":[{"embeddable":true,"href":"https:\/\/www.europesays.com\/pt\/wp-json\/wp\/v2\/comments?post=102659"}],"version-history":[{"count":0,"href":"https:\/\/www.europesays.com\/pt\/wp-json\/wp\/v2\/posts\/102659\/revisions"}],"wp:featuredmedia":[{"embeddable":true,"href":"https:\/\/www.europesays.com\/pt\/wp-json\/wp\/v2\/media\/102660"}],"wp:attachment":[{"href":"https:\/\/www.europesays.com\/pt\/wp-json\/wp\/v2\/media?parent=102659"}],"wp:term":[{"taxonomy":"category","embeddable":true,"href":"https:\/\/www.europesays.com\/pt\/wp-json\/wp\/v2\/categories?post=102659"},{"taxonomy":"post_tag","embeddable":true,"href":"https:\/\/www.europesays.com\/pt\/wp-json\/wp\/v2\/tags?post=102659"}],"curies":[{"name":"wp","href":"https:\/\/api.w.org\/{rel}","templated":true}]}}