{"id":102667,"date":"2025-10-08T21:10:08","date_gmt":"2025-10-08T21:10:08","guid":{"rendered":"https:\/\/www.europesays.com\/pt\/102667\/"},"modified":"2025-10-08T21:10:08","modified_gmt":"2025-10-08T21:10:08","slug":"depois-da-cacada-julia-roberts-teve-medo-e-inseguranca-08-10-2025-cinema-e-series","status":"publish","type":"post","link":"https:\/\/www.europesays.com\/pt\/102667\/","title":{"rendered":"&#8216;Depois da Ca\u00e7ada&#8217;: Julia Roberts teve medo e inseguran\u00e7a &#8211; 08\/10\/2025 &#8211; Cinema e S\u00e9ries"},"content":{"rendered":"<p>\n<strong class=\"c-signature__location\">S\u00e3o Paulo<\/strong>\n<\/p>\n<p>Se fosse professora universit\u00e1ria, <a href=\"https:\/\/www1.folha.uol.com.br\/folha-topicos\/julia-roberts\/\" rel=\"nofollow noopener\" target=\"_blank\">Julia Roberts<\/a> sabe exatamente que tipo de conte\u00fado lecionaria. &#8220;Gostaria de dar nova vida ao departamento de economia dom\u00e9stica&#8221;, diz, bem humorada, durante bate-papo com a imprensa internacional, do qual o <strong>F5<\/strong> participou. &#8220;[Ensinaria] habilidades essenciais para a vida, tipo &#8216;como preencher um cheque&#8217; (risos).&#8221;<\/p>\n","protected":false},"excerpt":{"rendered":"S\u00e3o Paulo Se fosse professora universit\u00e1ria, Julia Roberts sabe exatamente que tipo de conte\u00fado lecionaria. &#8220;Gostaria de dar&hellip;\n","protected":false},"author":2,"featured_media":102668,"comment_status":"","ping_status":"","sticky":false,"template":"","format":"standard","meta":{"footnotes":""},"categories":[140],"tags":[15016,207,219,211,470,223,114,115,224,225,147,471,148,226,2595,221,220,222,15027,15029,146,32,33,218,228,227],"class_list":{"0":"post-102667","1":"post","2":"type-post","3":"status-publish","4":"format-standard","5":"has-post-thumbnail","7":"category-filmes","8":"tag-andrew-garfield","9":"tag-arte","10":"tag-bichos","11":"tag-celebridades","12":"tag-cinema","13":"tag-colunistas","14":"tag-entertainment","15":"tag-entretenimento","16":"tag-estranho","17":"tag-eu-amo","18":"tag-film","19":"tag-filme","20":"tag-filmes","21":"tag-fofices","22":"tag-hollywood","23":"tag-horoscopo","24":"tag-humanos","25":"tag-humor","26":"tag-julia-roberts","27":"tag-luca-guadagnino","28":"tag-movies","29":"tag-portugal","30":"tag-pt","31":"tag-televisao","32":"tag-tudo","33":"tag-videos"},"share_on_mastodon":{"url":"","error":""},"_links":{"self":[{"href":"https:\/\/www.europesays.com\/pt\/wp-json\/wp\/v2\/posts\/102667","targetHints":{"allow":["GET"]}}],"collection":[{"href":"https:\/\/www.europesays.com\/pt\/wp-json\/wp\/v2\/posts"}],"about":[{"href":"https:\/\/www.europesays.com\/pt\/wp-json\/wp\/v2\/types\/post"}],"author":[{"embeddable":true,"href":"https:\/\/www.europesays.com\/pt\/wp-json\/wp\/v2\/users\/2"}],"replies":[{"embeddable":true,"href":"https:\/\/www.europesays.com\/pt\/wp-json\/wp\/v2\/comments?post=102667"}],"version-history":[{"count":0,"href":"https:\/\/www.europesays.com\/pt\/wp-json\/wp\/v2\/posts\/102667\/revisions"}],"wp:featuredmedia":[{"embeddable":true,"href":"https:\/\/www.europesays.com\/pt\/wp-json\/wp\/v2\/media\/102668"}],"wp:attachment":[{"href":"https:\/\/www.europesays.com\/pt\/wp-json\/wp\/v2\/media?parent=102667"}],"wp:term":[{"taxonomy":"category","embeddable":true,"href":"https:\/\/www.europesays.com\/pt\/wp-json\/wp\/v2\/categories?post=102667"},{"taxonomy":"post_tag","embeddable":true,"href":"https:\/\/www.europesays.com\/pt\/wp-json\/wp\/v2\/tags?post=102667"}],"curies":[{"name":"wp","href":"https:\/\/api.w.org\/{rel}","templated":true}]}}