{"id":102675,"date":"2025-10-08T21:17:11","date_gmt":"2025-10-08T21:17:11","guid":{"rendered":"https:\/\/www.europesays.com\/pt\/102675\/"},"modified":"2025-10-08T21:17:11","modified_gmt":"2025-10-08T21:17:11","slug":"policia-britanica-diz-que-autor-de-ataque-a-sinagoga-invocou-estado-islamico","status":"publish","type":"post","link":"https:\/\/www.europesays.com\/pt\/102675\/","title":{"rendered":"Pol\u00edcia brit\u00e2nica diz que autor de ataque a sinagoga invocou Estado Isl\u00e2mico"},"content":{"rendered":"<p><strong>O autor do ataque terrorista a uma sinagoga em Manchester na semana passada declarou &#8220;lealdade ao grupo Estado Isl\u00e2mico&#8221; numa chamada que fez para as autoridades durante o ataque, revelou hoje um porta-voz da pol\u00edcia <\/strong><strong>brit\u00e2nica.<\/strong><strong> <\/strong><\/p>\n<p>&#8220;No in\u00edcio do ataque em frente \u00e0 sinagoga da Congrega\u00e7\u00e3o Hebraica de Heaton Park, o agressor ligou para a pol\u00edcia, afirmando jurar lealdade ao grupo Estado Isl\u00e2mico&#8221;, disse o porta-voz da chamada foi feita depois de o carro ter batido numa parede, disse um porta-voz da Pol\u00edcia Antiterrorista do Noroeste do Reino Unido.<\/p>\n<p>O mesmo respons\u00e1vel acrescentou que a <strong>investiga\u00e7\u00e3o &#8220;sobre as motiva\u00e7\u00f5es&#8221; por tr\u00e1s do ataque <\/strong><strong>continua<\/strong>. <strong>Quatro pessoas, dois homens e duas mulheres, continuam detidas<\/strong> em rela\u00e7\u00e3o com o incidente, mas <strong>duas outras foram libertadas<\/strong>.  <\/p>\n<p>No dia <strong>2 de outubro, dia da festa do <\/strong><strong>Yom<\/strong><strong> <\/strong><strong>Kippur<\/strong><strong>, um brit\u00e2nico de origem s\u00edria <\/strong><a href=\"https:\/\/sicnoticias.pt\/mundo\/2025-10-02-video-varios-feridos-em-ataque-junto-a-sinagoga-em-manchester-aabe051b\" target=\"_blank\" rel=\"noreferrer noopener nofollow\"><strong>atropelou com o carro fi\u00e9is que se dirigiam \u00e0 sinagoga de <\/strong><strong>Heaton<\/strong><strong> Park, em Manchester, antes de os atacar com uma <\/strong><strong>faca<\/strong><\/a>. <\/p>\n<p><strong>Dois judeus foram mortos, um dos quais atingido por um tiro da pol\u00edcia que tentava neutralizar o agressor<\/strong>, e <strong>tr\u00eas pessoas foram <\/strong><strong>feridas<\/strong>.<\/p>\n<p>O <strong>autor do ataque, Jihad Al-<\/strong><strong>Shamie<\/strong><strong>, de 35 anos, foi morto pela pol\u00edci<\/strong><strong>a<\/strong>. Segundo as autoridades, tinha antecedentes criminais, mas sem historial relacionado com terrorismo.<\/p>\n","protected":false},"excerpt":{"rendered":"O autor do ataque terrorista a uma sinagoga em Manchester na semana passada declarou &#8220;lealdade ao grupo Estado&hellip;\n","protected":false},"author":2,"featured_media":102676,"comment_status":"","ping_status":"","sticky":false,"template":"","format":"standard","meta":{"footnotes":""},"categories":[50],"tags":[27,28,15,16,14,25,26,21,22,62,12,13,19,20,23,24,17,18,29,30,31,63,64,65],"class_list":{"0":"post-102675","1":"post","2":"type-post","3":"status-publish","4":"format-standard","5":"has-post-thumbnail","7":"category-mundo","8":"tag-breaking-news","9":"tag-breakingnews","10":"tag-featured-news","11":"tag-featurednews","12":"tag-headlines","13":"tag-latest-news","14":"tag-latestnews","15":"tag-main-news","16":"tag-mainnews","17":"tag-mundo","18":"tag-news","19":"tag-noticias","20":"tag-noticias-principais","21":"tag-noticiasprincipais","22":"tag-principais-noticias","23":"tag-principaisnoticias","24":"tag-top-stories","25":"tag-topstories","26":"tag-ultimas","27":"tag-ultimas-noticias","28":"tag-ultimasnoticias","29":"tag-world","30":"tag-world-news","31":"tag-worldnews"},"share_on_mastodon":{"url":"","error":""},"_links":{"self":[{"href":"https:\/\/www.europesays.com\/pt\/wp-json\/wp\/v2\/posts\/102675","targetHints":{"allow":["GET"]}}],"collection":[{"href":"https:\/\/www.europesays.com\/pt\/wp-json\/wp\/v2\/posts"}],"about":[{"href":"https:\/\/www.europesays.com\/pt\/wp-json\/wp\/v2\/types\/post"}],"author":[{"embeddable":true,"href":"https:\/\/www.europesays.com\/pt\/wp-json\/wp\/v2\/users\/2"}],"replies":[{"embeddable":true,"href":"https:\/\/www.europesays.com\/pt\/wp-json\/wp\/v2\/comments?post=102675"}],"version-history":[{"count":0,"href":"https:\/\/www.europesays.com\/pt\/wp-json\/wp\/v2\/posts\/102675\/revisions"}],"wp:featuredmedia":[{"embeddable":true,"href":"https:\/\/www.europesays.com\/pt\/wp-json\/wp\/v2\/media\/102676"}],"wp:attachment":[{"href":"https:\/\/www.europesays.com\/pt\/wp-json\/wp\/v2\/media?parent=102675"}],"wp:term":[{"taxonomy":"category","embeddable":true,"href":"https:\/\/www.europesays.com\/pt\/wp-json\/wp\/v2\/categories?post=102675"},{"taxonomy":"post_tag","embeddable":true,"href":"https:\/\/www.europesays.com\/pt\/wp-json\/wp\/v2\/tags?post=102675"}],"curies":[{"name":"wp","href":"https:\/\/api.w.org\/{rel}","templated":true}]}}