{"id":102693,"date":"2025-10-08T21:34:16","date_gmt":"2025-10-08T21:34:16","guid":{"rendered":"https:\/\/www.europesays.com\/pt\/102693\/"},"modified":"2025-10-08T21:34:16","modified_gmt":"2025-10-08T21:34:16","slug":"irma-de-dolly-parton-pede-oracoes-pela-cantora-que-sofre-problemas-de-saude-celebridades","status":"publish","type":"post","link":"https:\/\/www.europesays.com\/pt\/102693\/","title":{"rendered":"Irm\u00e3 de Dolly Parton pede ora\u00e7\u00f5es pela cantora, que sofre \u201cproblemas de sa\u00fade\u201d | Celebridades"},"content":{"rendered":"<p>A fam\u00edlia de Dolly Parton est\u00e1 a pedir ora\u00e7\u00f5es pela cantora, que tem estado afastada do palco na sequ\u00eancia de v\u00e1rios problemas de sa\u00fade. \u201cOntem \u00e0 noite, estive acordada toda a noite a rezar pela minha irm\u00e3, Dolly. Muitos de v\u00f3s sabem que ela n\u00e3o se tem sentido muito bem ultimamente\u201d, escreveu a irm\u00e3 Freida Parton numa <a href=\"https:\/\/www.facebook.com\/p\/Freida-Parton-61577998989224\/\" target=\"_blank\" rel=\"nofollow noopener\">publica\u00e7\u00e3o<\/a> de Facebook, onde apelava: \u201cAcredito verdadeiramente no poder da ora\u00e7\u00e3o e por isso pe\u00e7o a todos os que a amam que sejam guerreiros da ora\u00e7\u00e3o e rezem comigo.\u201d<\/p>\n<p>Freida termina a nota num tom positivo: \u201cEla \u00e9 forte, \u00e9 amada e, com todas as ora\u00e7\u00f5es que lhe est\u00e3o a ser dirigidas, sei no meu cora\u00e7\u00e3o que vai ficar bem.\u201d<\/p>\n<p>A mensagem deixou preocupados os f\u00e3s, levando Freida Parton a vir prestar um esclarecimento pouco depois. \u201cN\u00e3o queria assustar ningu\u00e9m, nem fazer parecer t\u00e3o grave o facto de pedir ora\u00e7\u00f5es pela Dolly\u201d, declarou a irm\u00e3 da artista nesta ter\u00e7a-feira, confirmado que Dolly tem estado em baixo, mas s\u00f3 decidiu pedir ajuda \u201cporque acredita no poder da ora\u00e7\u00e3o\u201d. \u201cN\u00e3o era mais do que uma irm\u00e3 mais nova a pedir ora\u00e7\u00f5es para a sua irm\u00e3 mais velha\u201d, sublinhou.<\/p>\n<p>        &#13;<br \/>\n            &#13;<\/p>\n<p>Na semana passada, Parton adiou os seis concertos da resid\u00eancia art\u00edstica no The Colosseum, em Las Vegas, cujo arranque estava marcado para Dezembro, explicando aos f\u00e3s que precisava de se submeter \u201ca alguns procedimentos\u201d para os \u201cdesafios de sa\u00fade\u201d que enfrenta e n\u00e3o teria tempo de ensaiar. \u201cVoc\u00eas pagam bem para me ver actuar e eu quero estar no meu melhor para voc\u00eas\u201d, justificou aos f\u00e3s.<\/p>\n<p>Contudo, n\u00e3o se conhecem detalhes sobre os problemas de sa\u00fade que a artista country de 79 anos enfrenta. Sabe-se apenas que, recentemente, foi retirada de emerg\u00eancia de um evento em Dollywood \u2014 o parque de divers\u00f5es inspirado na sua carreira, em Pigeon Forge, no Texas \u2014, com uma pedra nos rins que estava a \u201cdar muitos problemas\u201d, recorda a <a href=\"https:\/\/www.bbc.com\/news\/articles\/cjd1m3y00dxo\" target=\"_blank\" rel=\"nofollow noopener\">BBC.<\/a><\/p>\n<p>Dolly adiou para Setembro de 2026 os espect\u00e1culos de retrospectiva da carreira, naquele que ser\u00e1 o seu regresso a Las Vegas, onde n\u00e3o actua desde os anos 1990. E prometeu: \u201cN\u00e3o se preocupem com o facto de eu deixar o mundo do espect\u00e1culo, porque Deus ainda n\u00e3o disse nada sobre parar. Mas, acredito que Ele me est\u00e1 a dizer para abrandar neste momento para que possa estar pronta para mais grandes aventuras com todos voc\u00eas.\u201d<\/p>\n<p>No in\u00edcio deste ano, a cantora perdeu o marido, <a href=\"https:\/\/www.publico.pt\/2025\/03\/05\/impar\/noticia\/morreu-carl-dean-marido-dolly-parton-durante-quase-60-anos-2124770\" rel=\"nofollow noopener\" target=\"_blank\">Carl Dean<\/a>, depois de quase 60 anos de casamento. \u201cCarl e eu pass\u00e1mos muitos anos maravilhosos juntos. As palavras n\u00e3o podem fazer justi\u00e7a ao amor que partilh\u00e1mos durante mais de 60 anos. Obrigada pelas vossas ora\u00e7\u00f5es e compreens\u00e3o\u201d, lamentou ent\u00e3o a artista, conhecida por \u00eaxitos como Coat of many colors, 9 to 5 e Jolene.<\/p>\n","protected":false},"excerpt":{"rendered":"A fam\u00edlia de Dolly Parton est\u00e1 a pedir ora\u00e7\u00f5es pela cantora, que tem estado afastada do palco na&hellip;\n","protected":false},"author":2,"featured_media":102694,"comment_status":"","ping_status":"","sticky":false,"template":"","format":"standard","meta":{"footnotes":""},"categories":[145],"tags":[211,210,114,115,708,150,542,712,32,33,117],"class_list":{"0":"post-102693","1":"post","2":"type-post","3":"status-publish","4":"format-standard","5":"has-post-thumbnail","7":"category-celebridades","8":"tag-celebridades","9":"tag-celebrities","10":"tag-entertainment","11":"tag-entretenimento","12":"tag-impar","13":"tag-musica","14":"tag-para-redes","15":"tag-pessoas","16":"tag-portugal","17":"tag-pt","18":"tag-saude"},"share_on_mastodon":{"url":"","error":""},"_links":{"self":[{"href":"https:\/\/www.europesays.com\/pt\/wp-json\/wp\/v2\/posts\/102693","targetHints":{"allow":["GET"]}}],"collection":[{"href":"https:\/\/www.europesays.com\/pt\/wp-json\/wp\/v2\/posts"}],"about":[{"href":"https:\/\/www.europesays.com\/pt\/wp-json\/wp\/v2\/types\/post"}],"author":[{"embeddable":true,"href":"https:\/\/www.europesays.com\/pt\/wp-json\/wp\/v2\/users\/2"}],"replies":[{"embeddable":true,"href":"https:\/\/www.europesays.com\/pt\/wp-json\/wp\/v2\/comments?post=102693"}],"version-history":[{"count":0,"href":"https:\/\/www.europesays.com\/pt\/wp-json\/wp\/v2\/posts\/102693\/revisions"}],"wp:featuredmedia":[{"embeddable":true,"href":"https:\/\/www.europesays.com\/pt\/wp-json\/wp\/v2\/media\/102694"}],"wp:attachment":[{"href":"https:\/\/www.europesays.com\/pt\/wp-json\/wp\/v2\/media?parent=102693"}],"wp:term":[{"taxonomy":"category","embeddable":true,"href":"https:\/\/www.europesays.com\/pt\/wp-json\/wp\/v2\/categories?post=102693"},{"taxonomy":"post_tag","embeddable":true,"href":"https:\/\/www.europesays.com\/pt\/wp-json\/wp\/v2\/tags?post=102693"}],"curies":[{"name":"wp","href":"https:\/\/api.w.org\/{rel}","templated":true}]}}