{"id":102699,"date":"2025-10-08T21:44:35","date_gmt":"2025-10-08T21:44:35","guid":{"rendered":"https:\/\/www.europesays.com\/pt\/102699\/"},"modified":"2025-10-08T21:44:35","modified_gmt":"2025-10-08T21:44:35","slug":"trailer-da-cinebiografia-saira-com-wicked-2-diz-site","status":"publish","type":"post","link":"https:\/\/www.europesays.com\/pt\/102699\/","title":{"rendered":"Trailer da cinebiografia sair\u00e1 com Wicked 2, diz site"},"content":{"rendered":"<p>O\u00a0<a href=\"https:\/\/puck.news\/newsletter_content\/what-im-hearing-amazons-tv-reboot-altmans-walk-back-an-mj-movie-update\/\" rel=\"nofollow noopener\" target=\"_blank\">Puck News<\/a>, fonte de diversos lan\u00e7amentos de Hollywood, afirma que o primeiro trailer de\u00a0<strong>Michael<\/strong>\u00a0ser\u00e1 exibido junto \u00e0s sess\u00f5es de\u00a0<strong>Wicked: Parte 2<\/strong>. O filme que conta a hist\u00f3ria de\u00a0<strong>Michael Jackson\u00a0<\/strong>estreia em 2026.<\/p>\n<p>Wicked: Parte 2\u00a0chega aos cinemas em novembro, ent\u00e3o, caso a informa\u00e7\u00e3o se confirme, as primeiras pr\u00e9vias do filme chegar\u00e3o ainda este ano aos cinemas. O filme tem passado por diversas quest\u00f5es conturbadas em sua produ\u00e7\u00e3o, com o est\u00fadio chegando a cogitar dividir o filme em duas partes. At\u00e9 o momento, entretanto, o filme est\u00e1 marcado para estrear em vers\u00e3o \u00fanica, em abril de 2026.<\/p>\n<p>      Tudo sobre Michael<\/p>\n<p>Michael\u00a0tem\u00a0<strong>Antoine Fuqua\u00a0<\/strong>(Dia de Treinamento) na dire\u00e7\u00e3o.\u00a0<strong>Jafaar Jackson<\/strong>, sobrinho de Michael, interpreta a estrela do pop.\u00a0<strong>Miles Teller\u00a0<\/strong>(Top Gun: Maverick) faz seu inf\u00e2me representante John Branca e\u00a0<strong>Colman Domingo<\/strong>, indicado ao Oscar por\u00a0Sing Sing, interpreta Joe Jackson, pai de Michael e mente por tr\u00e1s dos\u00a0Jackson 5\u00a0que, dizem todos os relatos, era um homem dif\u00edcil e duro em sua conduta.<\/p>\n<p>Anteriormente agendado para\u00a0<strong>3 de outubro de 2025, <\/strong>o filme chega em 24 de abril de 2026.\u00a0Michael\u00a0ser\u00e1 lan\u00e7ado no Brasil pela <strong>Universal Pictures<\/strong>, que adquiriu todos os direitos de distribui\u00e7\u00e3o internacional do filme. No EUA, a Lionsgate \u00e9 a respons\u00e1vel pelo lan\u00e7amento.<\/p>\n","protected":false},"excerpt":{"rendered":"O\u00a0Puck News, fonte de diversos lan\u00e7amentos de Hollywood, afirma que o primeiro trailer de\u00a0Michael\u00a0ser\u00e1 exibido junto \u00e0s sess\u00f5es&hellip;\n","protected":false},"author":2,"featured_media":102700,"comment_status":"","ping_status":"","sticky":false,"template":"","format":"standard","meta":{"footnotes":""},"categories":[140],"tags":[114,115,147,148,146,32,33],"class_list":{"0":"post-102699","1":"post","2":"type-post","3":"status-publish","4":"format-standard","5":"has-post-thumbnail","7":"category-filmes","8":"tag-entertainment","9":"tag-entretenimento","10":"tag-film","11":"tag-filmes","12":"tag-movies","13":"tag-portugal","14":"tag-pt"},"share_on_mastodon":{"url":"","error":""},"_links":{"self":[{"href":"https:\/\/www.europesays.com\/pt\/wp-json\/wp\/v2\/posts\/102699","targetHints":{"allow":["GET"]}}],"collection":[{"href":"https:\/\/www.europesays.com\/pt\/wp-json\/wp\/v2\/posts"}],"about":[{"href":"https:\/\/www.europesays.com\/pt\/wp-json\/wp\/v2\/types\/post"}],"author":[{"embeddable":true,"href":"https:\/\/www.europesays.com\/pt\/wp-json\/wp\/v2\/users\/2"}],"replies":[{"embeddable":true,"href":"https:\/\/www.europesays.com\/pt\/wp-json\/wp\/v2\/comments?post=102699"}],"version-history":[{"count":0,"href":"https:\/\/www.europesays.com\/pt\/wp-json\/wp\/v2\/posts\/102699\/revisions"}],"wp:featuredmedia":[{"embeddable":true,"href":"https:\/\/www.europesays.com\/pt\/wp-json\/wp\/v2\/media\/102700"}],"wp:attachment":[{"href":"https:\/\/www.europesays.com\/pt\/wp-json\/wp\/v2\/media?parent=102699"}],"wp:term":[{"taxonomy":"category","embeddable":true,"href":"https:\/\/www.europesays.com\/pt\/wp-json\/wp\/v2\/categories?post=102699"},{"taxonomy":"post_tag","embeddable":true,"href":"https:\/\/www.europesays.com\/pt\/wp-json\/wp\/v2\/tags?post=102699"}],"curies":[{"name":"wp","href":"https:\/\/api.w.org\/{rel}","templated":true}]}}