{"id":102817,"date":"2025-10-08T23:20:13","date_gmt":"2025-10-08T23:20:13","guid":{"rendered":"https:\/\/www.europesays.com\/pt\/102817\/"},"modified":"2025-10-08T23:20:13","modified_gmt":"2025-10-08T23:20:13","slug":"colapso-de-varanda-originou-desabamento-que-fez-quatro-mortos-em-madrid","status":"publish","type":"post","link":"https:\/\/www.europesays.com\/pt\/102817\/","title":{"rendered":"Colapso de varanda originou desabamento que fez quatro mortos em Madrid"},"content":{"rendered":"<p>O desabamento do edif\u00edcio no centro de Madrid que matou quatro pessoas na ter\u00e7a-feira foi causado pelo colapso da varanda do quinto andar, o que fez ceder as lajes de todos os pisos at\u00e9 ao subsolo.<\/p>\n<p>Em declara\u00e7\u00f5es \u00e0 imprensa, o chefe dos bombeiros da capital espanhola, Miguel Segu\u00ed, confirmou que n\u00e3o havia trabalhadores no quinto andar no momento do acidente.<\/p>\n<p>No total, sete lajes com 50 metros de altura desabaram, causando escombros que atingiram tr\u00eas metros em alguns pontos.<\/p>\n<p>Segu\u00ed apontou para uma &#8220;combina\u00e7\u00e3o de fatores&#8221; como causa prov\u00e1vel do colapso, que j\u00e1 est\u00e1 sob investiga\u00e7\u00e3o.<\/p>\n<p>O respons\u00e1vel pela corpora\u00e7\u00e3o madrilena adiantou que \u00e9 muito dif\u00edcil transportar e entregar materiais de constru\u00e7\u00e3o naquela zona central de Madrid e \u00e9 pr\u00e1tica comum faz\u00ea-lo atrav\u00e9s de terra\u00e7os e telhados, podendo estar a decorrer alguma demoli\u00e7\u00e3o parcial que fragilizou a estrutura do pr\u00e9dio.<\/p>\n<p>As quatro v\u00edtimas mortais s\u00e3o uma encarregada chamada Laura e tr\u00eas oper\u00e1rios naturais de Mali, Guin\u00e9-Conacri e Equador, com idades entre 30 e 50 anos, todos trabalhadores da construtora ANKA.<\/p>\n<p>Os bombeiros j\u00e1 garantiram que n\u00e3o haver\u00e1 mais pessoas entre os escombros, adiantando que os c\u00e3es-pisteiros &#8220;n\u00e3o marcaram nenhum tipo de ind\u00edcio&#8221; de presen\u00e7a de corpos humanos.<\/p>\n<p>Os trabalhos de resgate e rescaldo come\u00e7aram pelas 13:00 de ter\u00e7a-feira e a \u00faltima v\u00edtima foi recuperada pelas 03:00 de hoje (02:00, em Lisboa), tendo sido muito dif\u00edceis, quase &#8220;\u00e0 m\u00e3o&#8217; para garantir que n\u00e3o havia mais algum desabamento parcial.<\/p>\n<p>No local est\u00e3o agora tamb\u00e9m a pol\u00edcia municipal e a pol\u00edcia judici\u00e1ria (divis\u00e3o cient\u00edfica inclu\u00edda), entre outros peritos em acidentes do g\u00e9nero.<\/p>\n<p>O capataz da obra afirmou ter\u00e7a-feira que estavam a trabalhar entre 30 e 40 pessoas nesse momento no edif\u00edcio, que estava a ser recuperado para funcionar como hotel.<\/p>\n<p>Leia Tamb\u00e9m: <a href=\"https:\/\/www.noticiasaominuto.com\/mundo\/2866618\/recuperados-corpos-das-quatro-vitimas-do-colapso-de-edificio-em-madrid\" target=\"_blank\" rel=\"noopener noreferrer nofollow\">Recuperados corpos das quatro v\u00edtimas do colapso de edif\u00edcio em Madrid<\/a><\/p>\n","protected":false},"excerpt":{"rendered":"O desabamento do edif\u00edcio no centro de Madrid que matou quatro pessoas na ter\u00e7a-feira foi causado pelo colapso&hellip;\n","protected":false},"author":2,"featured_media":102818,"comment_status":"","ping_status":"","sticky":false,"template":"","format":"standard","meta":{"footnotes":""},"categories":[50],"tags":[27,28,15,16,14,25,26,21,22,62,12,13,19,20,23,24,17,18,29,30,31,63,64,65],"class_list":{"0":"post-102817","1":"post","2":"type-post","3":"status-publish","4":"format-standard","5":"has-post-thumbnail","7":"category-mundo","8":"tag-breaking-news","9":"tag-breakingnews","10":"tag-featured-news","11":"tag-featurednews","12":"tag-headlines","13":"tag-latest-news","14":"tag-latestnews","15":"tag-main-news","16":"tag-mainnews","17":"tag-mundo","18":"tag-news","19":"tag-noticias","20":"tag-noticias-principais","21":"tag-noticiasprincipais","22":"tag-principais-noticias","23":"tag-principaisnoticias","24":"tag-top-stories","25":"tag-topstories","26":"tag-ultimas","27":"tag-ultimas-noticias","28":"tag-ultimasnoticias","29":"tag-world","30":"tag-world-news","31":"tag-worldnews"},"share_on_mastodon":{"url":"","error":""},"_links":{"self":[{"href":"https:\/\/www.europesays.com\/pt\/wp-json\/wp\/v2\/posts\/102817","targetHints":{"allow":["GET"]}}],"collection":[{"href":"https:\/\/www.europesays.com\/pt\/wp-json\/wp\/v2\/posts"}],"about":[{"href":"https:\/\/www.europesays.com\/pt\/wp-json\/wp\/v2\/types\/post"}],"author":[{"embeddable":true,"href":"https:\/\/www.europesays.com\/pt\/wp-json\/wp\/v2\/users\/2"}],"replies":[{"embeddable":true,"href":"https:\/\/www.europesays.com\/pt\/wp-json\/wp\/v2\/comments?post=102817"}],"version-history":[{"count":0,"href":"https:\/\/www.europesays.com\/pt\/wp-json\/wp\/v2\/posts\/102817\/revisions"}],"wp:featuredmedia":[{"embeddable":true,"href":"https:\/\/www.europesays.com\/pt\/wp-json\/wp\/v2\/media\/102818"}],"wp:attachment":[{"href":"https:\/\/www.europesays.com\/pt\/wp-json\/wp\/v2\/media?parent=102817"}],"wp:term":[{"taxonomy":"category","embeddable":true,"href":"https:\/\/www.europesays.com\/pt\/wp-json\/wp\/v2\/categories?post=102817"},{"taxonomy":"post_tag","embeddable":true,"href":"https:\/\/www.europesays.com\/pt\/wp-json\/wp\/v2\/tags?post=102817"}],"curies":[{"name":"wp","href":"https:\/\/api.w.org\/{rel}","templated":true}]}}