{"id":102857,"date":"2025-10-09T00:06:07","date_gmt":"2025-10-09T00:06:07","guid":{"rendered":"https:\/\/www.europesays.com\/pt\/102857\/"},"modified":"2025-10-09T00:06:07","modified_gmt":"2025-10-09T00:06:07","slug":"parlamento-europeu-rejeita-apoio-formal-ao-acordo-com-o-mercosul-em-votacao-renhida","status":"publish","type":"post","link":"https:\/\/www.europesays.com\/pt\/102857\/","title":{"rendered":"Parlamento Europeu rejeita apoio formal ao acordo com o Mercosul em vota\u00e7\u00e3o renhida"},"content":{"rendered":"<p>Num resultado apertado mas simb\u00f3lico, uma maioria de eurodeputados rejeitou, esta quarta-feira, um par\u00e1grafo de uma resolu\u00e7\u00e3o parlamentar que expressava apoio ao acordo comercial entre a Uni\u00e3o Europeia e o Mercosul. A decis\u00e3o antecipa um debate aceso no Parlamento Europeu sobre um pacto que divide opini\u00f5es desde a sua assinatura, em dezembro de 2024.<\/p>\n<p>A vota\u00e7\u00e3o por levantamento de m\u00e3os em Estrasburgo revelou que 269 eurodeputados votaram contra o trecho, enquanto 259 votaram a favor, uma diferen\u00e7a de apenas 10 votos. A sec\u00e7\u00e3o contestada da resolu\u00e7\u00e3o, inserida na estrat\u00e9gia pol\u00edtica da UE para a Am\u00e9rica Latina, elogiava a conclus\u00e3o das negocia\u00e7\u00f5es do acordo.<\/p>\n<p>\u201cMais uma vez, o Parlamento Europeu expressa o seu ceticismo relativamente ao acordo comercial com o Mercosul\u201d, afirmou o eurodeputado franc\u00eas Pascal Canfin (Renew) num post no LinkedIn. \u201cO sinal pol\u00edtico \u00e9 muito claro: h\u00e1 mais eurodeputados com d\u00favidas profundas sobre os m\u00e9ritos deste acordo do que aqueles que querem a sua ado\u00e7\u00e3o imediata.\u201d<\/p>\n<p>A Comiss\u00e3o Europeia, que liderou mais de duas d\u00e9cadas de negocia\u00e7\u00f5es, submeteu o acordo \u00e0 ratifica\u00e7\u00e3o do Conselho e pediu o consentimento do Parlamento Europeu a 3 de setembro. No entanto, persiste a incerteza sobre se a \u00faltima etapa deste processo avan\u00e7ar\u00e1 sem obst\u00e1culos.<\/p>\n<p>O acordo liberaliza o com\u00e9rcio entre os pa\u00edses do Mercosul \u2014 Argentina, Brasil, Paraguai e Uruguai \u2014 e a UE, reduzindo tarifas em diversos produtos, incluindo alguns agr\u00edcolas. Esta situa\u00e7\u00e3o tem gerado preocupa\u00e7\u00f5es significativas entre agricultores europeus, que receiam competir em desigualdade com produtores latino-americanos.<\/p>\n<p>No Parlamento, um grupo de eurodeputados prepara uma resolu\u00e7\u00e3o para solicitar ao Tribunal de Justi\u00e7a da UE que suspenda a aprova\u00e7\u00e3o do acordo. Entre as preocupa\u00e7\u00f5es est\u00e1 o risco de incumprimento por parte dos pa\u00edses do Mercosul em rela\u00e7\u00e3o \u00e0s normas fitossanit\u00e1rias e ambientais europeias.<\/p>\n<p>A eurodeputada espanhola Irene Montero (The Left), que impulsionou a vota\u00e7\u00e3o desta quarta-feira, sublinhou em declara\u00e7\u00f5es \u00e0 Euronews: \u201cEste acordo abandona a agricultura e a pecu\u00e1ria, prejudica o ambiente, alimenta o desflorestamento e abre o tapete vermelho \u00e0s multinacionais extractivas. Vamos continuar a lutar para garantir que este acordo n\u00e3o seja ratificado e para travar o perigo que representa para o ambiente e para o nosso setor prim\u00e1rio.\u201d<\/p>\n<p>Os defensores do pacto sublinham que este cria uma \u00e1rea de livre com\u00e9rcio de 700 milh\u00f5es de pessoas, representando uma oportunidade estrat\u00e9gica para a UE. Argumentam que o acordo \u00e9 essencial para enfrentar a concorr\u00eancia chinesa nos pa\u00edses do Mercosul e diversificar parceiros comerciais, especialmente num contexto em que os Estados Unidos aumentam barreiras tarif\u00e1rias ao seu mercado.<\/p>\n<p>A sec\u00e7\u00e3o rejeitada da resolu\u00e7\u00e3o destacava que o acordo seria um \u201cverdadeiro divisor de \u00e1guas na rela\u00e7\u00e3o entre as duas regi\u00f5es\u201d. Acrescentava ainda que seria o maior acordo comercial alguma vez assinado pela UE em termos populacionais, abrangendo mais de 700 milh\u00f5es de cidad\u00e3os, e \u201co mais significativo em termos de impacto econ\u00f3mico\u201d.<\/p>\n<p>Da mesma forma, o texto salientava o \u201cvalor geopol\u00edtico\u201d do pacto como \u201cuma ferramenta essencial para avan\u00e7ar os interesses estrat\u00e9gicos da UE no atual contexto internacional\u201d.<\/p>\n","protected":false},"excerpt":{"rendered":"Num resultado apertado mas simb\u00f3lico, uma maioria de eurodeputados rejeitou, esta quarta-feira, um par\u00e1grafo de uma resolu\u00e7\u00e3o parlamentar&hellip;\n","protected":false},"author":2,"featured_media":102858,"comment_status":"","ping_status":"","sticky":false,"template":"","format":"standard","meta":{"footnotes":""},"categories":[50],"tags":[27,28,15,16,14,25,26,21,22,62,12,13,19,20,23,24,17,18,29,30,31,63,64,65],"class_list":{"0":"post-102857","1":"post","2":"type-post","3":"status-publish","4":"format-standard","5":"has-post-thumbnail","7":"category-mundo","8":"tag-breaking-news","9":"tag-breakingnews","10":"tag-featured-news","11":"tag-featurednews","12":"tag-headlines","13":"tag-latest-news","14":"tag-latestnews","15":"tag-main-news","16":"tag-mainnews","17":"tag-mundo","18":"tag-news","19":"tag-noticias","20":"tag-noticias-principais","21":"tag-noticiasprincipais","22":"tag-principais-noticias","23":"tag-principaisnoticias","24":"tag-top-stories","25":"tag-topstories","26":"tag-ultimas","27":"tag-ultimas-noticias","28":"tag-ultimasnoticias","29":"tag-world","30":"tag-world-news","31":"tag-worldnews"},"share_on_mastodon":{"url":"","error":""},"_links":{"self":[{"href":"https:\/\/www.europesays.com\/pt\/wp-json\/wp\/v2\/posts\/102857","targetHints":{"allow":["GET"]}}],"collection":[{"href":"https:\/\/www.europesays.com\/pt\/wp-json\/wp\/v2\/posts"}],"about":[{"href":"https:\/\/www.europesays.com\/pt\/wp-json\/wp\/v2\/types\/post"}],"author":[{"embeddable":true,"href":"https:\/\/www.europesays.com\/pt\/wp-json\/wp\/v2\/users\/2"}],"replies":[{"embeddable":true,"href":"https:\/\/www.europesays.com\/pt\/wp-json\/wp\/v2\/comments?post=102857"}],"version-history":[{"count":0,"href":"https:\/\/www.europesays.com\/pt\/wp-json\/wp\/v2\/posts\/102857\/revisions"}],"wp:featuredmedia":[{"embeddable":true,"href":"https:\/\/www.europesays.com\/pt\/wp-json\/wp\/v2\/media\/102858"}],"wp:attachment":[{"href":"https:\/\/www.europesays.com\/pt\/wp-json\/wp\/v2\/media?parent=102857"}],"wp:term":[{"taxonomy":"category","embeddable":true,"href":"https:\/\/www.europesays.com\/pt\/wp-json\/wp\/v2\/categories?post=102857"},{"taxonomy":"post_tag","embeddable":true,"href":"https:\/\/www.europesays.com\/pt\/wp-json\/wp\/v2\/tags?post=102857"}],"curies":[{"name":"wp","href":"https:\/\/api.w.org\/{rel}","templated":true}]}}