{"id":102867,"date":"2025-10-09T00:15:19","date_gmt":"2025-10-09T00:15:19","guid":{"rendered":"https:\/\/www.europesays.com\/pt\/102867\/"},"modified":"2025-10-09T00:15:19","modified_gmt":"2025-10-09T00:15:19","slug":"f-c-porto-formaliza-queixa-contra-pavlidis-no-conselho-de-disciplina","status":"publish","type":"post","link":"https:\/\/www.europesays.com\/pt\/102867\/","title":{"rendered":"F. C. Porto formaliza queixa contra Pavlidis no Conselho de Disciplina"},"content":{"rendered":"<p>O F. C. Porto vai mesmo avan\u00e7ar com uma queixa ao Conselho de Disciplina (CD) da Federa\u00e7\u00e3o Portuguesa de Futebol, para denunciar a &#8220;conduta violenta&#8221; de Pavlidis, avan\u00e7ado do Benfica, num lance com o m\u00e9dio Gabri Veiga, logo nos primeiros segundos do cl\u00e1ssico de domingo passado.<\/p>\n<p data-remotead-prev-elm=\"true\" data-remotead-elm-id=\"inread\">Segundo confirmou o JN, a queixa ser\u00e1 formalizada ainda esta quarta-feira, numa exposi\u00e7\u00e3o ao CD em que os drag\u00f5es protestam pelo facto de a cotovelada do internacional grego n\u00e3o ter sido sancionada pelo \u00e1rbitro Miguel Nogueira, que assinalou falta, mas n\u00e3o mostrou qualquer cart\u00e3o, nem pelo VAR, Bruno Esteves, que n\u00e3o chamou o juiz de campo para um poss\u00edvel visionamento das imagens.<\/p>\n<p>Recorde-se que, na ter\u00e7a-feira, \u00e0 margem da gala de entrega de pr\u00e9mios da FPF, quando questionado sobre a arbitragem do cl\u00e1ssico, Andr\u00e9 Villas-Boas afirmou que considerava &#8220;mais grave&#8221; o lance entre Pavlidis e Gabri Veiga do que o eventual pen\u00e1lti que ter\u00e1 ficado por assinalar sobre o portista Deniz Gul nos minutos finais. O presidente portista avan\u00e7ou, ent\u00e3o, que o clube azul e branco iria formalizar uma queixa contra Pavlidis.<\/p>\n","protected":false},"excerpt":{"rendered":"O F. C. Porto vai mesmo avan\u00e7ar com uma queixa ao Conselho de Disciplina (CD) da Federa\u00e7\u00e3o Portuguesa&hellip;\n","protected":false},"author":2,"featured_media":102868,"comment_status":"","ping_status":"","sticky":false,"template":"","format":"standard","meta":{"footnotes":""},"categories":[87],"tags":[51,286,135,20558,524,7931,32,33,134],"class_list":{"0":"post-102867","1":"post","2":"type-post","3":"status-publish","4":"format-standard","5":"has-post-thumbnail","7":"category-desporto","8":"tag-benfica","9":"tag-conselho-de-disciplina","10":"tag-desporto","11":"tag-f-c-porto","12":"tag-futebol","13":"tag-pavlidis","14":"tag-portugal","15":"tag-pt","16":"tag-sports"},"share_on_mastodon":{"url":"","error":""},"_links":{"self":[{"href":"https:\/\/www.europesays.com\/pt\/wp-json\/wp\/v2\/posts\/102867","targetHints":{"allow":["GET"]}}],"collection":[{"href":"https:\/\/www.europesays.com\/pt\/wp-json\/wp\/v2\/posts"}],"about":[{"href":"https:\/\/www.europesays.com\/pt\/wp-json\/wp\/v2\/types\/post"}],"author":[{"embeddable":true,"href":"https:\/\/www.europesays.com\/pt\/wp-json\/wp\/v2\/users\/2"}],"replies":[{"embeddable":true,"href":"https:\/\/www.europesays.com\/pt\/wp-json\/wp\/v2\/comments?post=102867"}],"version-history":[{"count":0,"href":"https:\/\/www.europesays.com\/pt\/wp-json\/wp\/v2\/posts\/102867\/revisions"}],"wp:featuredmedia":[{"embeddable":true,"href":"https:\/\/www.europesays.com\/pt\/wp-json\/wp\/v2\/media\/102868"}],"wp:attachment":[{"href":"https:\/\/www.europesays.com\/pt\/wp-json\/wp\/v2\/media?parent=102867"}],"wp:term":[{"taxonomy":"category","embeddable":true,"href":"https:\/\/www.europesays.com\/pt\/wp-json\/wp\/v2\/categories?post=102867"},{"taxonomy":"post_tag","embeddable":true,"href":"https:\/\/www.europesays.com\/pt\/wp-json\/wp\/v2\/tags?post=102867"}],"curies":[{"name":"wp","href":"https:\/\/api.w.org\/{rel}","templated":true}]}}