{"id":102881,"date":"2025-10-09T00:28:07","date_gmt":"2025-10-09T00:28:07","guid":{"rendered":"https:\/\/www.europesays.com\/pt\/102881\/"},"modified":"2025-10-09T00:28:07","modified_gmt":"2025-10-09T00:28:07","slug":"cinepg-exibe-documentario-sobre-o-genocidio-na-palestina","status":"publish","type":"post","link":"https:\/\/www.europesays.com\/pt\/102881\/","title":{"rendered":"CinePG exibe document\u00e1rio sobre o genoc\u00eddio na Palestina"},"content":{"rendered":"<p>Depois de passar por festivais de destaque em Curitiba, Bras\u00edlia e Belo Horizonte, o document\u00e1rio \u201cNotas Sobre um Desterro\u201d chega a Ponta Grossa (PR) para uma sess\u00e3o \u00fanica nesta sexta-feira, 10 de outubro, \u00e0s 19h, no CinePG. A exibi\u00e7\u00e3o ser\u00e1 seguida de um debate promovido em parceria com o Comit\u00ea Ponta-Grossense de Solidariedade \u00e0 Palestina. A entrada \u00e9 gratuita.<\/p>\n<p>Dirigido pelo curitibano Gustavo Castro, o filme \u00e9 um dos poucos no mundo a denunciar\u00a0o genoc\u00eddio em curso na Palestina. A produ\u00e7\u00e3o parte de uma viv\u00eancia iniciada em 2018, quando Castro e o fot\u00f3grafo Rafael de Oliveira cruzaram a Cisjord\u00e2nia para entender como vivem os que resistem \u00e0 ocupa\u00e7\u00e3o israelense. Hospedados em Kobar, na casa de Rabah, irm\u00e3 da presidente da Fepal (Federa\u00e7\u00e3o \u00c1rabe Palestina do Brasil)\u00a0Ualid\u00a0Rabah, o projeto evoluiu a partir do impacto dos acontecimentos de outubro de 2023, redefinindo seu escopo.<\/p>\n<p>\u201cNosso filme parte da premissa de que, diante de um processo de limpeza \u00e9tnica, tomar partido \u00e9 um dever \u00e9tico\u201d, afirma Castro.\u00a0Com narrativa em primeira pessoa, o document\u00e1rio combina registros da viagem original, imagens hist\u00f3ricas e v\u00eddeos recentes divulgados nas redes por palestinos em Gaza. Sem narra\u00e7\u00e3o t\u00e9cnica ou explica\u00e7\u00f5es did\u00e1ticas, o filme aposta na for\u00e7a do real e no olhar humano. \u201cA experi\u00eancia me permitiu testemunhar o que \u00e9 viver sob um regime colonial de apartheid\u201d, relata o diretor.<\/p>\n<p>A obra ganhou profundidade com a chegada da produtora e roteirista Juliana Sanson e do montador e tamb\u00e9m roteirista Ticiano Monteiro. Uma intensa pesquisa hist\u00f3rica e iconogr\u00e1fica ajudou a consolidar a estrutura do filme. Castro salienta que este \u00e9 um dos raros filmes brasileiros a abordar a quest\u00e3o na vis\u00e3o dos pr\u00f3prios palestinos. \u201cOnde a diplomacia falha e a imprensa hesita, o cinema avan\u00e7a. Este filme recusa a neutralidade\u201d, conclui. Depois de Ponta Grossa, o filme ser\u00e1 exibido na Mostra de Cinema de S\u00e3o Paulo, no Festival de Cinema no M\u00e9xico e segue para outras exibi\u00e7\u00f5es nacionais e internacionais.<\/p>\n<p>Assista ao trailer:<strong>Servi\u00e7o:<\/strong><\/p>\n<p><strong>Servi\u00e7o \u2013 Exibi\u00e7\u00e3o do document\u00e1rio Notas Sobre um Desterro<\/strong><\/p>\n<p><strong>Data:<\/strong> Sexta-feira, 10 de outubro de 2025<br \/><strong>Hor\u00e1rio:<\/strong> 19h<br \/><strong>Local:<\/strong> Centro de Cultura CinePG<br \/>Rua Dr. Colares, 436 \u2013 Centro, Ponta Grossa (PR)<br \/><strong>Entrada:<\/strong> Gratuita<\/p>\n<p><strong>Debate com o Comit\u00ea Ponta-Grossense de Solidariedade \u00e0 Palestina ap\u00f3s a exibi\u00e7\u00e3o.<\/strong><strong>Notas sobre um Desterro<\/strong>\u00a0<\/p>\n<p>As filmagens do encontro com uma fam\u00edlia brasileira-palestina na Cisjord\u00e2nia de 2018 s\u00e3o revisitadas ap\u00f3s 7 de outubro de 2023. O que era para ser um filme sobre as possibilidades de coexist\u00eancia em uma terra ocupada, se transforma em uma brutal reflex\u00e3o sobre coloniza\u00e7\u00e3o, apartheid, genoc\u00eddio e a recente prolifera\u00e7\u00e3o de imagens de guerra, produzidas pelas pr\u00f3prias v\u00edtimas de um massacre que se repete no curso do tempo.\u00a0<\/p>\n<p><strong>Sobre o diretor<\/strong>\u00a0<\/p>\n<p>Gustavo Castro \u00e9 diretor, diretor de fotografia e editor. Realizou mais de 30 document\u00e1rios sobre temas sociais na Am\u00e9rica do Sul, Amaz\u00f4nia e Oriente M\u00e9dio. Em 2025, lan\u00e7ou seu primeiro longa como diretor: Notas sobre um Desterro, um filme-ensaio sobre a quest\u00e3o Palestina. (Das assessorias)<\/p>\n<p> Participe do grupo e receba as principais not\u00edcias da sua regi\u00e3o na palma da sua m\u00e3o.<\/p>\n","protected":false},"excerpt":{"rendered":"Depois de passar por festivais de destaque em Curitiba, Bras\u00edlia e Belo Horizonte, o document\u00e1rio \u201cNotas Sobre um&hellip;\n","protected":false},"author":2,"featured_media":102882,"comment_status":"","ping_status":"","sticky":false,"template":"","format":"standard","meta":{"footnotes":""},"categories":[140],"tags":[114,115,147,148,146,3712,32,33],"class_list":{"0":"post-102881","1":"post","2":"type-post","3":"status-publish","4":"format-standard","5":"has-post-thumbnail","7":"category-filmes","8":"tag-entertainment","9":"tag-entretenimento","10":"tag-film","11":"tag-filmes","12":"tag-movies","13":"tag-ponta-grossa","14":"tag-portugal","15":"tag-pt"},"share_on_mastodon":{"url":"","error":""},"_links":{"self":[{"href":"https:\/\/www.europesays.com\/pt\/wp-json\/wp\/v2\/posts\/102881","targetHints":{"allow":["GET"]}}],"collection":[{"href":"https:\/\/www.europesays.com\/pt\/wp-json\/wp\/v2\/posts"}],"about":[{"href":"https:\/\/www.europesays.com\/pt\/wp-json\/wp\/v2\/types\/post"}],"author":[{"embeddable":true,"href":"https:\/\/www.europesays.com\/pt\/wp-json\/wp\/v2\/users\/2"}],"replies":[{"embeddable":true,"href":"https:\/\/www.europesays.com\/pt\/wp-json\/wp\/v2\/comments?post=102881"}],"version-history":[{"count":0,"href":"https:\/\/www.europesays.com\/pt\/wp-json\/wp\/v2\/posts\/102881\/revisions"}],"wp:featuredmedia":[{"embeddable":true,"href":"https:\/\/www.europesays.com\/pt\/wp-json\/wp\/v2\/media\/102882"}],"wp:attachment":[{"href":"https:\/\/www.europesays.com\/pt\/wp-json\/wp\/v2\/media?parent=102881"}],"wp:term":[{"taxonomy":"category","embeddable":true,"href":"https:\/\/www.europesays.com\/pt\/wp-json\/wp\/v2\/categories?post=102881"},{"taxonomy":"post_tag","embeddable":true,"href":"https:\/\/www.europesays.com\/pt\/wp-json\/wp\/v2\/tags?post=102881"}],"curies":[{"name":"wp","href":"https:\/\/api.w.org\/{rel}","templated":true}]}}