{"id":10292,"date":"2025-07-31T15:27:08","date_gmt":"2025-07-31T15:27:08","guid":{"rendered":"https:\/\/www.europesays.com\/pt\/10292\/"},"modified":"2025-07-31T15:27:08","modified_gmt":"2025-07-31T15:27:08","slug":"uns-viram-costas-outros-acusam-na-de-bullying-catarina-miranda-deixa-a-casa-virada-do-avesso-big-brother","status":"publish","type":"post","link":"https:\/\/www.europesays.com\/pt\/10292\/","title":{"rendered":"Uns viram costas, outros acusam-na de \u00abbullying\u00bb: Catarina Miranda deixa a casa virada do avesso &#8211; Big Brother"},"content":{"rendered":"<p>No<strong> Big Brother Ver\u00e3o, Catarina Miranda come\u00e7ou a manh\u00e3 a fazer um espet\u00e1culo musical na cozinha e a casa ficou virada do avesso.<\/strong> No c\u00edrculo da acusa\u00e7\u00e3o, os concorrentes comentaram o assunto. Bruno de Carvalho acabou por abandonar a din\u00e2mica e Kina acusou Miranda de \u00abbullying\u00bb.<strong> Veja o momento.\u00a0<\/strong><\/p>\n<p><strong>Esta semana, h\u00e1 cinco concorrentes em risco. Vote para salvar:\u00a0<\/strong><\/p>\n<p><strong>Afonso Leit\u00e3o: 761 20 20 01\u00a0<br \/>Catarina Miranda: 761 20 20 05\u00a0<br \/>Kina: 761 20 20 08\u00a0<br \/>Daniela Santos: 761 20 20 16\u00a0<br \/>Jo\u00e3o Oliveira: 761 20 20 19\u00a0<\/strong><\/p>\n<p><strong><a href=\"https:\/\/tvi.iol.pt\/bigbrother\/aominuto\u00a0\" rel=\"nofollow noopener\" target=\"_blank\">Acompanhe aqui tudo o que se passa na casa mais vigiada do pa\u00eds.<\/a><\/strong><\/p>\n","protected":false},"excerpt":{"rendered":"No Big Brother Ver\u00e3o, Catarina Miranda come\u00e7ou a manh\u00e3 a fazer um espet\u00e1culo musical na cozinha e a&hellip;\n","protected":false},"author":2,"featured_media":10293,"comment_status":"","ping_status":"","sticky":false,"template":"","format":"standard","meta":{"footnotes":""},"categories":[142],"tags":[331,48,342,329,333,328,335,336,114,115,334,332,330,13,32,33,151,162,227],"class_list":{"0":"post-10292","1":"post","2":"type-post","3":"status-publish","4":"format-standard","5":"has-post-thumbnail","7":"category-tv","8":"tag-big","9":"tag-big-brother","10":"tag-catarina-miranda","11":"tag-claudio-ramos","12":"tag-comentadores","13":"tag-concorrentes","14":"tag-confrontos","15":"tag-discussoes","16":"tag-entertainment","17":"tag-entretenimento","18":"tag-exclusivos","19":"tag-expulso","20":"tag-gala","21":"tag-noticias","22":"tag-portugal","23":"tag-pt","24":"tag-tv","25":"tag-tvi","26":"tag-videos"},"share_on_mastodon":{"url":"","error":""},"_links":{"self":[{"href":"https:\/\/www.europesays.com\/pt\/wp-json\/wp\/v2\/posts\/10292","targetHints":{"allow":["GET"]}}],"collection":[{"href":"https:\/\/www.europesays.com\/pt\/wp-json\/wp\/v2\/posts"}],"about":[{"href":"https:\/\/www.europesays.com\/pt\/wp-json\/wp\/v2\/types\/post"}],"author":[{"embeddable":true,"href":"https:\/\/www.europesays.com\/pt\/wp-json\/wp\/v2\/users\/2"}],"replies":[{"embeddable":true,"href":"https:\/\/www.europesays.com\/pt\/wp-json\/wp\/v2\/comments?post=10292"}],"version-history":[{"count":0,"href":"https:\/\/www.europesays.com\/pt\/wp-json\/wp\/v2\/posts\/10292\/revisions"}],"wp:featuredmedia":[{"embeddable":true,"href":"https:\/\/www.europesays.com\/pt\/wp-json\/wp\/v2\/media\/10293"}],"wp:attachment":[{"href":"https:\/\/www.europesays.com\/pt\/wp-json\/wp\/v2\/media?parent=10292"}],"wp:term":[{"taxonomy":"category","embeddable":true,"href":"https:\/\/www.europesays.com\/pt\/wp-json\/wp\/v2\/categories?post=10292"},{"taxonomy":"post_tag","embeddable":true,"href":"https:\/\/www.europesays.com\/pt\/wp-json\/wp\/v2\/tags?post=10292"}],"curies":[{"name":"wp","href":"https:\/\/api.w.org\/{rel}","templated":true}]}}