{"id":102921,"date":"2025-10-09T01:13:10","date_gmt":"2025-10-09T01:13:10","guid":{"rendered":"https:\/\/www.europesays.com\/pt\/102921\/"},"modified":"2025-10-09T01:13:10","modified_gmt":"2025-10-09T01:13:10","slug":"homem-morre-a-mudar-pneu-de-trator-em-sousel","status":"publish","type":"post","link":"https:\/\/www.europesays.com\/pt\/102921\/","title":{"rendered":"Homem morre a mudar pneu de trator em Sousel"},"content":{"rendered":"<p>Fonte do Comando Territorial de Portalegre da GNR indicou \u00e0 ag\u00eancia Lusa que a v\u00edtima mortal &#8220;estava a mudar um pneu de um trator, na Herdade da Retorta, tendo o ve\u00edculo ca\u00eddo em cima do homem&#8221;. &#8220;O homem estava sozinho no local do acidente e s\u00f3 mais tarde foi encontrado por um colega de trabalho&#8221;, adiantou.<\/p>\n<p data-remotead-prev-elm=\"true\" data-remotead-elm-id=\"inread\">Segundo fonte do Comando Sub-Regional de Emerg\u00eancia e Prote\u00e7\u00e3o Civil do Alto Alentejo, o alerta para o sinistro foi dado \u00e0s 19.50 horas, tendo o \u00f3bito sido declarado no local pelo m\u00e9dico da viatura m\u00e9dica de emerg\u00eancia e reanima\u00e7\u00e3o (VMER) de Portalegre.<\/p>\n<p>A Autoridade para as Condi\u00e7\u00f5es do Trabalho (ACT) foi contactada para averiguar as circunst\u00e2ncias em que ocorreu o acidente, de acordo com a fonte da GNR.<\/p>\n<p data-remotead-prev-elm=\"true\" data-remotead-elm-id=\"centro1\">Foram mobilizados para o local 19 operacionais dos bombeiros de Sousel, do Instituto Nacional de Emerg\u00eancia M\u00e9dica e da GNR, apoiados por seis ve\u00edculos, incluindo a VMER e uma ambul\u00e2ncia de Suporte Imediato de Vida (SIV) de Estremoz.<\/p>\n","protected":false},"excerpt":{"rendered":"Fonte do Comando Territorial de Portalegre da GNR indicou \u00e0 ag\u00eancia Lusa que a v\u00edtima mortal &#8220;estava a&hellip;\n","protected":false},"author":2,"featured_media":102922,"comment_status":"","ping_status":"","sticky":false,"template":"","format":"standard","meta":{"footnotes":""},"categories":[10],"tags":[27,28,24934,15,16,14,25,26,21,22,12,13,19,20,32,23,24,33,17,18,29,30,31],"class_list":{"0":"post-102921","1":"post","2":"type-post","3":"status-publish","4":"format-standard","5":"has-post-thumbnail","7":"category-portugal","8":"tag-breaking-news","9":"tag-breakingnews","10":"tag-concelho-sousel","11":"tag-featured-news","12":"tag-featurednews","13":"tag-headlines","14":"tag-latest-news","15":"tag-latestnews","16":"tag-main-news","17":"tag-mainnews","18":"tag-news","19":"tag-noticias","20":"tag-noticias-principais","21":"tag-noticiasprincipais","22":"tag-portugal","23":"tag-principais-noticias","24":"tag-principaisnoticias","25":"tag-pt","26":"tag-top-stories","27":"tag-topstories","28":"tag-ultimas","29":"tag-ultimas-noticias","30":"tag-ultimasnoticias"},"share_on_mastodon":{"url":"","error":""},"_links":{"self":[{"href":"https:\/\/www.europesays.com\/pt\/wp-json\/wp\/v2\/posts\/102921","targetHints":{"allow":["GET"]}}],"collection":[{"href":"https:\/\/www.europesays.com\/pt\/wp-json\/wp\/v2\/posts"}],"about":[{"href":"https:\/\/www.europesays.com\/pt\/wp-json\/wp\/v2\/types\/post"}],"author":[{"embeddable":true,"href":"https:\/\/www.europesays.com\/pt\/wp-json\/wp\/v2\/users\/2"}],"replies":[{"embeddable":true,"href":"https:\/\/www.europesays.com\/pt\/wp-json\/wp\/v2\/comments?post=102921"}],"version-history":[{"count":0,"href":"https:\/\/www.europesays.com\/pt\/wp-json\/wp\/v2\/posts\/102921\/revisions"}],"wp:featuredmedia":[{"embeddable":true,"href":"https:\/\/www.europesays.com\/pt\/wp-json\/wp\/v2\/media\/102922"}],"wp:attachment":[{"href":"https:\/\/www.europesays.com\/pt\/wp-json\/wp\/v2\/media?parent=102921"}],"wp:term":[{"taxonomy":"category","embeddable":true,"href":"https:\/\/www.europesays.com\/pt\/wp-json\/wp\/v2\/categories?post=102921"},{"taxonomy":"post_tag","embeddable":true,"href":"https:\/\/www.europesays.com\/pt\/wp-json\/wp\/v2\/tags?post=102921"}],"curies":[{"name":"wp","href":"https:\/\/api.w.org\/{rel}","templated":true}]}}