{"id":102936,"date":"2025-10-09T01:32:09","date_gmt":"2025-10-09T01:32:09","guid":{"rendered":"https:\/\/www.europesays.com\/pt\/102936\/"},"modified":"2025-10-09T01:32:09","modified_gmt":"2025-10-09T01:32:09","slug":"jogadores-do-benfica-tambem-vao-ter-de-mudar-se-noronha-ganhar","status":"publish","type":"post","link":"https:\/\/www.europesays.com\/pt\/102936\/","title":{"rendered":"Jogadores do Benfica tamb\u00e9m v\u00e3o ter de mudar se Noronha ganhar"},"content":{"rendered":"<p>Jo\u00e3o Noronha Lopes, candidato \u00e0 presid\u00eancia do <a class=\"autolink-enabled\" data-resource-id=\"450\" data-resource-type=\"team\" data-sport=\"football\" href=\"https:\/\/www.abola.pt\/futebol\/benfica-450\" rel=\"nofollow noopener\" target=\"_blank\">Benfica<\/a>, apresentou esta quarta-feira, em Lisboa, o seu programa para o clube. Um documento extenso, marcado pelas ideias principais que t\u00eam marcado a campanha, como a transpar\u00eancia ou a reorganiza\u00e7\u00e3o do modelo e estrat\u00e9gia do futebol, mas muito mais. O dia 25 de janeiro, por exemplo, passa a ser o dia de Eus\u00e9bio, o \u00abdia de celebrar o rei\u00bb.<\/p>\n<p>Os jogadores, inclusivamente, tamb\u00e9m ter\u00e3o de mudar. \u00abAprendizagem da L\u00edngua Portuguesa\u00bb e uma \u00abNova estrat\u00e9gia de comunica\u00e7\u00e3o para jogadores\u00bb s\u00e3o pontos anunciados.<\/p>\n<p>No cap\u00edtulo da \u00abTranspar\u00eancia, Rigor e Ambi\u00e7\u00e3o na Gest\u00e3o\u00bb h\u00e1 refer\u00eancia a \u00abRegisto Criminal e de Incompatibilidades dos \u00d3rg\u00e3os Sociais e Dirigentes\u00bb, assim como \u00abRedu\u00e7\u00e3o de Custos na Contrata\u00e7\u00e3o de Fornecedores\u00bb, \u00abRefor\u00e7ar a Transpar\u00eancia nas Decis\u00f5es de Investimento\u00bb e \u00abTranspar\u00eancia em rela\u00e7\u00e3o \u00e0s atividades e neg\u00f3cios das entidades participadas\u00bb.<\/p>\n<p>H\u00e1 refer\u00eancia alargada ao recurso \u00e0 \u00abIntelig\u00eancia Artificial ao Servi\u00e7o do Benfica\u00bb, que pode ser inclusivamente aplicada na an\u00e1lise de jogadores, como explicou Nuno Gomes, vice-presidente para o futebol, e tamb\u00e9m aparece a \u00abViabiliza\u00e7\u00e3o da Venda de Bebidas com Teor Alco\u00f3lico no Est\u00e1dio da Luz\u00bb, que representa a entrada de uma receita importante nas contas.<\/p>\n<p>\u00abLiderar a Reformula\u00e7\u00e3o do Futebol Portugu\u00eas\u00bb \u00e9 tamb\u00e9m ponto relevante: \u00abPotenciar o Espet\u00e1culo Atrav\u00e9s de Medidas Fiscais\u00bb; \u00abA\u00e7\u00e3o junto das entidades tutelares para reformula\u00e7\u00e3o dos quadros competitivos\u00bb; \u00abMais transpar\u00eancia e regula\u00e7\u00e3o nos intermedi\u00e1rios\/agentes\u00bb; \u00abA\u00e7\u00e3o junto das entidades tutelares para acesso atempado a todos os \u00e1udios VAR\u00bb.<\/p>\n<p>N\u00e3o menos importante \u00e9 a posi\u00e7\u00e3o em rela\u00e7\u00e3o ao investimento estrangeiro: \u00abRecusar Aliena\u00e7\u00e3o de Controlo da Benfica, SAD.\u00bb<\/p>\n<p>Jo\u00e3o Noronha Lopes foi o primeiro e o \u00faltimo a falar \u2014 pelo meio cinco vice-presidentes revelaram ideias mestras para as suas \u00e1reas (Raquel Vaz Pinto no Associativismo, Nuno Gomes no Futebol, Felipe Gomes nas Modalidades, Jos\u00e9 Theot\u00f3nio na \u00c1rea Financeira, Lu\u00eds Pedro Duarte na Tecnologia e Estrat\u00e9gia) \u2014 e mostrou-se recetivo a acolher \u00abboas ideias\u00bb de outros candidatos, pois \u00abo Benfica est\u00e1 acima de tudo\u00bb.<\/p>\n<p>Noronha Lopes revelou que \u00abn\u00e3o h\u00e1 desenvolvimentos\u00bb no processo de <a target=\"_blank\" class=\"editor-link autolink-enabled\" href=\"https:\/\/www.abola.pt\/futebol\/jogador\/bernardo-silva-5566\" data-resource-id=\"5566\" data-resource-type=\"player\" data-sport=\"football\" rel=\"nofollow noopener\">Bernardo Silva<\/a> e dedicou a aten\u00e7\u00e3o \u00e0s elei\u00e7\u00f5es: \u00ab\u00c9 bom programa e boa equipa e fiz apelo para que fosse campanha sem ataques pessoais. Os benfiquistas est\u00e3o cansados do passado e est\u00e3o cansados de algu\u00e9m que est\u00e1 sempre a justificar-se ou a desculpar-se de tudo o que fez ou n\u00e3o devia ter feito. Queremos um Benfica transparente, ambicioso e vencedor.\u00bb<\/p>\n<p>            <img decoding=\"async\" src=\"https:\/\/www.europesays.com\/pt\/wp-content\/uploads\/2025\/10\/6d60e003-ed14-43ea-9d41-f87cf68dd61d.jpg\" alt=\"\" width=\"620\" class=\"1 w-full object-cover\"\/><\/p>\n<p>O candidato afastou-se ainda de palavras de Frederico Varandas sobre o <a class=\"autolink-enabled\" data-resource-id=\"450\" data-resource-type=\"team\" data-sport=\"football\" href=\"https:\/\/www.abola.pt\/futebol\/benfica-450\" rel=\"nofollow noopener\" target=\"_blank\">Benfica<\/a> \u2014 \u00abN\u00e3o vou comentar, acho que tem muitas coisas com que se preocupar no <a class=\"autolink-enabled\" data-resource-id=\"448\" data-resource-type=\"team\" data-sport=\"football\" href=\"https:\/\/www.abola.pt\/futebol\/sporting-448\" rel=\"nofollow noopener\" target=\"_blank\">Sporting<\/a>\u00bb \u2014 e n\u00e3o est\u00e1 a pensar ser o pacificador do futebol portugu\u00eas: \u00abVou defender os interesses do <a class=\"autolink-enabled\" data-resource-id=\"450\" data-resource-type=\"team\" data-sport=\"football\" href=\"https:\/\/www.abola.pt\/futebol\/benfica-450\" rel=\"nofollow noopener\" target=\"_blank\">Benfica<\/a>.\u00bb<\/p>\n<p>\u00ab\u00c9tica, boa governan\u00e7a e transpar\u00eancia, n\u00e3o s\u00f3 dizer que se tem\u00bb, foram palavras de Jos\u00e9 Theot\u00f3nio, vice-presidente financeiro, que quer fazer melhor do que Rui Costa no passivo. Garante que \u00e9 poss\u00edvel baixar mais do que os \u20ac100 M prometidos pelo recandidato e atual presidente, em entrevista a A BOLA: \u00ab\u00c9! Foi o que o passivo aumentou nos \u00faltimos quatro anos. Portanto, se fizermos uma melhor gest\u00e3o, nomeadamente na gest\u00e3o desportiva, porque muitas das receitas dependem da gest\u00e3o desportiva, ent\u00e3o a\u00ed vamos conseguir baixar desses \u20ac100 milh\u00f5es.\u00bb<\/p>\n<p>O Benfica District ter\u00e1 os dias contados: \u00abDo projeto conhece-se pouco. Se esta Dire\u00e7\u00e3o for eleita, o nosso presidente j\u00e1 disse o que iria fazer. J\u00e1 temos o estudo inicial feito sobre aquilo que \u00e9 o aumentar o est\u00e1dio para 83 mil lugares.\u00bb<\/p>\n","protected":false},"excerpt":{"rendered":"Jo\u00e3o Noronha Lopes, candidato \u00e0 presid\u00eancia do Benfica, apresentou esta quarta-feira, em Lisboa, o seu programa para o&hellip;\n","protected":false},"author":2,"featured_media":102937,"comment_status":"","ping_status":"","sticky":false,"template":"","format":"standard","meta":{"footnotes":""},"categories":[8],"tags":[27,28,15,16,14,25,26,21,22,12,13,19,20,32,23,24,33,17,18,29,30,31],"class_list":{"0":"post-102936","1":"post","2":"type-post","3":"status-publish","4":"format-standard","5":"has-post-thumbnail","7":"category-principais-noticias","8":"tag-breaking-news","9":"tag-breakingnews","10":"tag-featured-news","11":"tag-featurednews","12":"tag-headlines","13":"tag-latest-news","14":"tag-latestnews","15":"tag-main-news","16":"tag-mainnews","17":"tag-news","18":"tag-noticias","19":"tag-noticias-principais","20":"tag-noticiasprincipais","21":"tag-portugal","22":"tag-principais-noticias","23":"tag-principaisnoticias","24":"tag-pt","25":"tag-top-stories","26":"tag-topstories","27":"tag-ultimas","28":"tag-ultimas-noticias","29":"tag-ultimasnoticias"},"share_on_mastodon":{"url":"","error":""},"_links":{"self":[{"href":"https:\/\/www.europesays.com\/pt\/wp-json\/wp\/v2\/posts\/102936","targetHints":{"allow":["GET"]}}],"collection":[{"href":"https:\/\/www.europesays.com\/pt\/wp-json\/wp\/v2\/posts"}],"about":[{"href":"https:\/\/www.europesays.com\/pt\/wp-json\/wp\/v2\/types\/post"}],"author":[{"embeddable":true,"href":"https:\/\/www.europesays.com\/pt\/wp-json\/wp\/v2\/users\/2"}],"replies":[{"embeddable":true,"href":"https:\/\/www.europesays.com\/pt\/wp-json\/wp\/v2\/comments?post=102936"}],"version-history":[{"count":0,"href":"https:\/\/www.europesays.com\/pt\/wp-json\/wp\/v2\/posts\/102936\/revisions"}],"wp:featuredmedia":[{"embeddable":true,"href":"https:\/\/www.europesays.com\/pt\/wp-json\/wp\/v2\/media\/102937"}],"wp:attachment":[{"href":"https:\/\/www.europesays.com\/pt\/wp-json\/wp\/v2\/media?parent=102936"}],"wp:term":[{"taxonomy":"category","embeddable":true,"href":"https:\/\/www.europesays.com\/pt\/wp-json\/wp\/v2\/categories?post=102936"},{"taxonomy":"post_tag","embeddable":true,"href":"https:\/\/www.europesays.com\/pt\/wp-json\/wp\/v2\/tags?post=102936"}],"curies":[{"name":"wp","href":"https:\/\/api.w.org\/{rel}","templated":true}]}}