{"id":102957,"date":"2025-10-09T02:04:08","date_gmt":"2025-10-09T02:04:08","guid":{"rendered":"https:\/\/www.europesays.com\/pt\/102957\/"},"modified":"2025-10-09T02:04:08","modified_gmt":"2025-10-09T02:04:08","slug":"o-amor-multiplicou-se-ex-concorrente-ja-e-pai-e-mostra-o-rosto-da-filha-pela-primeira-vez-secret-story","status":"publish","type":"post","link":"https:\/\/www.europesays.com\/pt\/102957\/","title":{"rendered":"\u00abO amor multiplicou-se\u00bb: Ex-concorrente j\u00e1 \u00e9 pai e mostra o rosto da filha pela primeira vez &#8211; Secret Story"},"content":{"rendered":"<p><strong>M\u00e1rcio Po\u00e7as estreou-se no papel de pai<\/strong>! O ex-concorrente do <a href=\"https:\/\/tvi.iol.pt\/secretstory\/aominuto\" rel=\"nofollow noopener\" target=\"_blank\"><strong>Secret Story &#8211; Casa dos Segredos 6<\/strong><\/a> anunciou o nascimento da primeira filha, fruto da rela\u00e7\u00e3o com<strong> Leonor Fernandes.<\/strong><\/p>\n<p>A novidade foi dada pelo pr\u00f3prio, atrav\u00e9s de um v\u00eddeo partilhado nas redes sociais, em que mostra os momentos antes do nascimento da menina.\u00a0<\/p>\n<p>\u00ab<strong>Maria Tinoco Po\u00e7as.\u00a0Durante meses, sonh\u00e1mos com este dia<\/strong>\u2026 Vivemos cada pontap\u00e9, cada ecografia e cada espera como um lembrete de que algo muito maior estava a caminho. E ontem, finalmente, o nosso maior sonho ganhou um rosto, uma voz, <strong>um cora\u00e7\u00e3o a bater junto ao nosso<\/strong>\u00bb, come\u00e7ou por escrever M\u00e1rcio Po\u00e7as, na legenda da publica\u00e7\u00e3o.<\/p>\n<p>\u00ab<strong>O primeiro choro foi como m\u00fasica e, naquele instante, tudo mudou<\/strong>. O amor multiplicou-se, o tempo parou, e percebemos que o nosso lar nunca mais seria o mesmo. Agora, somos mais, somos 5, somos completos. A nossa Maria chegou e com ela veio uma nova forma de amar, ainda maior, mais forte, mais inteira. Bem-vinda ao mundo, nossa princesa. <strong>A tua chegada encheu cada cantinho do nosso cora\u00e7\u00e3o. A nossa fam\u00edlia est\u00e1 completa<\/strong>\u00bb, adiantou.<\/p>\n<p><strong>Pode ver aqui o v\u00eddeo do momento:<\/strong><\/p>\n","protected":false},"excerpt":{"rendered":"M\u00e1rcio Po\u00e7as estreou-se no papel de pai! O ex-concorrente do Secret Story &#8211; Casa dos Segredos 6 anunciou&hellip;\n","protected":false},"author":2,"featured_media":102958,"comment_status":"","ping_status":"","sticky":false,"template":"","format":"standard","meta":{"footnotes":""},"categories":[142],"tags":[18706,2557,114,115,18705,24938,32,33,151,18704],"class_list":{"0":"post-102957","1":"post","2":"type-post","3":"status-publish","4":"format-standard","5":"has-post-thumbnail","7":"category-tv","8":"tag-bastidores-secret-story","9":"tag-bebe","10":"tag-entertainment","11":"tag-entretenimento","12":"tag-entrevistas-concorrentes-tvi","13":"tag-marcio-pocas","14":"tag-portugal","15":"tag-pt","16":"tag-tv","17":"tag-vida-fora-da-casa"},"share_on_mastodon":{"url":"","error":""},"_links":{"self":[{"href":"https:\/\/www.europesays.com\/pt\/wp-json\/wp\/v2\/posts\/102957","targetHints":{"allow":["GET"]}}],"collection":[{"href":"https:\/\/www.europesays.com\/pt\/wp-json\/wp\/v2\/posts"}],"about":[{"href":"https:\/\/www.europesays.com\/pt\/wp-json\/wp\/v2\/types\/post"}],"author":[{"embeddable":true,"href":"https:\/\/www.europesays.com\/pt\/wp-json\/wp\/v2\/users\/2"}],"replies":[{"embeddable":true,"href":"https:\/\/www.europesays.com\/pt\/wp-json\/wp\/v2\/comments?post=102957"}],"version-history":[{"count":0,"href":"https:\/\/www.europesays.com\/pt\/wp-json\/wp\/v2\/posts\/102957\/revisions"}],"wp:featuredmedia":[{"embeddable":true,"href":"https:\/\/www.europesays.com\/pt\/wp-json\/wp\/v2\/media\/102958"}],"wp:attachment":[{"href":"https:\/\/www.europesays.com\/pt\/wp-json\/wp\/v2\/media?parent=102957"}],"wp:term":[{"taxonomy":"category","embeddable":true,"href":"https:\/\/www.europesays.com\/pt\/wp-json\/wp\/v2\/categories?post=102957"},{"taxonomy":"post_tag","embeddable":true,"href":"https:\/\/www.europesays.com\/pt\/wp-json\/wp\/v2\/tags?post=102957"}],"curies":[{"name":"wp","href":"https:\/\/api.w.org\/{rel}","templated":true}]}}