{"id":102975,"date":"2025-10-09T02:35:17","date_gmt":"2025-10-09T02:35:17","guid":{"rendered":"https:\/\/www.europesays.com\/pt\/102975\/"},"modified":"2025-10-09T02:35:17","modified_gmt":"2025-10-09T02:35:17","slug":"futsal-convocatoria-da-selecao-com-quatro-regressos","status":"publish","type":"post","link":"https:\/\/www.europesays.com\/pt\/102975\/","title":{"rendered":"Futsal: convocat\u00f3ria da Sele\u00e7\u00e3o com quatro regressos"},"content":{"rendered":"<p>A FPF anunciou, esta quarta-feira, a lista de convocados da sele\u00e7\u00e3o nacional de futsal para os pr\u00f3ximos jogos de prepara\u00e7\u00e3o para o Europeu 2026.<\/p>\n<p>Em rela\u00e7\u00e3o \u00e0 convocat\u00f3ria do \u00faltimo est\u00e1gio, registam-se algumas altera\u00e7\u00f5es na lista do selecionador Jorge Braz. Bernardo Pa\u00e7\u00f3, L\u00facio Rocha, Bruno Coelho e Miguel \u00c2ngelo voltam a integrar o grupo de trabalho, enquanto Bruno Pinto e Pedro Santos ficaram de fora desta vez.<\/p>\n<p>A Equipa das Quinas concentra-se este domingo, 12 de outubro, na FPF Arena Portugal, e parte para a Let\u00f3nia na quinta-feira, onde disputar\u00e1 dois jogos de prepara\u00e7\u00e3o frente \u00e0 sele\u00e7\u00e3o local. Os encontros est\u00e3o marcados para os dias 19 e 22 de outubro.<\/p>\n<p>Recorde-se que o Euro 2026 decorrer\u00e1 entre 20 de janeiro e 7 de fevereiro, com a competi\u00e7\u00e3o a ser organizada pela Let\u00f3nia, Litu\u00e2nia e Eslov\u00e9nia. O sorteio da fase final est\u00e1 agendado para o dia 24 de outubro.<\/p>\n<p><strong>Lista de convocados:<\/strong><\/p>\n<p><strong>Guarda-redes:<\/strong> Edu (El Pozo Murcia, Espanha), Andr\u00e9 Correia (Benfica) e Bernardo Pa\u00e7\u00f3 (Sporting);<\/p>\n<p><strong>Fixos:<\/strong> Andr\u00e9 Coelho (Benfica) e Tom\u00e1s Pa\u00e7\u00f3 (Sporting);<\/p>\n<p><strong>Fixo\/Ala:<\/strong> Afonso (Benfica) e Bruno Maior (Sporting);<\/p>\n<p><strong>Alas:<\/strong> Tiago Brito (Sp. Braga), Diogo Santos (Sporting), Silvestre Ferreira (Benfica), L\u00facio Rocha (Benfica), Kutchy (Benfica), Pauleta (Sporting), Bruno Coelho (Riga Futsal, Let\u00f3nia) e Miguel \u00c2ngelo (Fortitudo Pomezia, It\u00e1lia);<\/p>\n<p><strong>Piv\u00f4:<\/strong> R\u00faben G\u00f3is (Rio Ave)<\/p>\n","protected":false},"excerpt":{"rendered":"A FPF anunciou, esta quarta-feira, a lista de convocados da sele\u00e7\u00e3o nacional de futsal para os pr\u00f3ximos jogos&hellip;\n","protected":false},"author":2,"featured_media":102976,"comment_status":"","ping_status":"","sticky":false,"template":"","format":"standard","meta":{"footnotes":""},"categories":[87],"tags":[135,1831,18154,46,1830,32,33,47,5420,16170,134],"class_list":{"0":"post-102975","1":"post","2":"type-post","3":"status-publish","4":"format-standard","5":"has-post-thumbnail","7":"category-desporto","8":"tag-desporto","9":"tag-futsal","10":"tag-jorge-braz","11":"tag-maisfutebol","12":"tag-modalidades","13":"tag-portugal","14":"tag-pt","15":"tag-pura-paixao","16":"tag-selecao-nacional","17":"tag-selecao-portuguesa","18":"tag-sports"},"share_on_mastodon":{"url":"","error":""},"_links":{"self":[{"href":"https:\/\/www.europesays.com\/pt\/wp-json\/wp\/v2\/posts\/102975","targetHints":{"allow":["GET"]}}],"collection":[{"href":"https:\/\/www.europesays.com\/pt\/wp-json\/wp\/v2\/posts"}],"about":[{"href":"https:\/\/www.europesays.com\/pt\/wp-json\/wp\/v2\/types\/post"}],"author":[{"embeddable":true,"href":"https:\/\/www.europesays.com\/pt\/wp-json\/wp\/v2\/users\/2"}],"replies":[{"embeddable":true,"href":"https:\/\/www.europesays.com\/pt\/wp-json\/wp\/v2\/comments?post=102975"}],"version-history":[{"count":0,"href":"https:\/\/www.europesays.com\/pt\/wp-json\/wp\/v2\/posts\/102975\/revisions"}],"wp:featuredmedia":[{"embeddable":true,"href":"https:\/\/www.europesays.com\/pt\/wp-json\/wp\/v2\/media\/102976"}],"wp:attachment":[{"href":"https:\/\/www.europesays.com\/pt\/wp-json\/wp\/v2\/media?parent=102975"}],"wp:term":[{"taxonomy":"category","embeddable":true,"href":"https:\/\/www.europesays.com\/pt\/wp-json\/wp\/v2\/categories?post=102975"},{"taxonomy":"post_tag","embeddable":true,"href":"https:\/\/www.europesays.com\/pt\/wp-json\/wp\/v2\/tags?post=102975"}],"curies":[{"name":"wp","href":"https:\/\/api.w.org\/{rel}","templated":true}]}}