{"id":102988,"date":"2025-10-09T03:00:14","date_gmt":"2025-10-09T03:00:14","guid":{"rendered":"https:\/\/www.europesays.com\/pt\/102988\/"},"modified":"2025-10-09T03:00:14","modified_gmt":"2025-10-09T03:00:14","slug":"dois-as-10-susana-perdeu-o-filho-ha-11-anos-e-desde-entao-nunca-abriu-as-persianas-de-casa","status":"publish","type":"post","link":"https:\/\/www.europesays.com\/pt\/102988\/","title":{"rendered":"Dois \u00e0s 10 &#8211; Susana perdeu o filho h\u00e1 11 anos e desde ent\u00e3o nunca abriu as persianas de casa"},"content":{"rendered":"<p>No Dois \u00e0s 10, celebraram-se as maiores gl\u00f3rias do desporto nacional, com <strong data-end=\"92\" data-start=\"76\">Carlos Lopes<\/strong>, o homem que conquistou o primeiro ouro ol\u00edmpico para Portugal, e <strong data-end=\"179\" data-start=\"159\">Fernanda Ribeiro<\/strong>, a atleta portuguesa mais medalhada de sempre, que recordou o caminho at\u00e9 ao topo. O programa contou ainda a hist\u00f3ria de <strong data-end=\"312\" data-start=\"301\">Adriana<\/strong>, uma mulher que transformou a dor e o sofrimento em coragem, provando que nunca \u00e9 tarde para recome\u00e7ar. Por fim, <strong data-end=\"436\" data-start=\"426\">Susana<\/strong> partilhou o testemunho mais comovente da manh\u00e3 \u2014 o da perda do filho Bernardo, que morreu aos cinco anos \u2014, mantendo viva a sua mem\u00f3ria com amor e f\u00e9, numa conversa que tocou o pa\u00eds.<\/p>\n","protected":false},"excerpt":{"rendered":"No Dois \u00e0s 10, celebraram-se as maiores gl\u00f3rias do desporto nacional, com Carlos Lopes, o homem que conquistou&hellip;\n","protected":false},"author":2,"featured_media":102989,"comment_status":"","ping_status":"","sticky":false,"template":"","format":"standard","meta":{"footnotes":""},"categories":[142],"tags":[801,114,115,32,33,151],"class_list":{"0":"post-102988","1":"post","2":"type-post","3":"status-publish","4":"format-standard","5":"has-post-thumbnail","7":"category-tv","8":"tag-dois-as-10","9":"tag-entertainment","10":"tag-entretenimento","11":"tag-portugal","12":"tag-pt","13":"tag-tv"},"share_on_mastodon":{"url":"","error":""},"_links":{"self":[{"href":"https:\/\/www.europesays.com\/pt\/wp-json\/wp\/v2\/posts\/102988","targetHints":{"allow":["GET"]}}],"collection":[{"href":"https:\/\/www.europesays.com\/pt\/wp-json\/wp\/v2\/posts"}],"about":[{"href":"https:\/\/www.europesays.com\/pt\/wp-json\/wp\/v2\/types\/post"}],"author":[{"embeddable":true,"href":"https:\/\/www.europesays.com\/pt\/wp-json\/wp\/v2\/users\/2"}],"replies":[{"embeddable":true,"href":"https:\/\/www.europesays.com\/pt\/wp-json\/wp\/v2\/comments?post=102988"}],"version-history":[{"count":0,"href":"https:\/\/www.europesays.com\/pt\/wp-json\/wp\/v2\/posts\/102988\/revisions"}],"wp:featuredmedia":[{"embeddable":true,"href":"https:\/\/www.europesays.com\/pt\/wp-json\/wp\/v2\/media\/102989"}],"wp:attachment":[{"href":"https:\/\/www.europesays.com\/pt\/wp-json\/wp\/v2\/media?parent=102988"}],"wp:term":[{"taxonomy":"category","embeddable":true,"href":"https:\/\/www.europesays.com\/pt\/wp-json\/wp\/v2\/categories?post=102988"},{"taxonomy":"post_tag","embeddable":true,"href":"https:\/\/www.europesays.com\/pt\/wp-json\/wp\/v2\/tags?post=102988"}],"curies":[{"name":"wp","href":"https:\/\/api.w.org\/{rel}","templated":true}]}}