{"id":103001,"date":"2025-10-09T03:38:07","date_gmt":"2025-10-09T03:38:07","guid":{"rendered":"https:\/\/www.europesays.com\/pt\/103001\/"},"modified":"2025-10-09T03:38:07","modified_gmt":"2025-10-09T03:38:07","slug":"nuno-mendes-e-talvez-o-melhor-jogador-da-atualidade-diz-o-presidente-da-uefa","status":"publish","type":"post","link":"https:\/\/www.europesays.com\/pt\/103001\/","title":{"rendered":"\u00abNuno Mendes \u00e9 talvez o melhor jogador da atualidade\u00bb, diz o presidente da UEFA"},"content":{"rendered":"<p style=\"margin-bottom:11px\">Aleksander Ceferin, presidente da UEFA, o m\u00e1ximo organismo do futebol europeu, marcou presen\u00e7a na cerim\u00f3nia de abertura da Portugal Football Summit, que decorreu na Cidade do Futebol nesta quarta-feira.<\/p>\n<p style=\"margin-bottom:11px\">O dirigente falou sobre as particularidades do futebol portugu\u00eas e fez at\u00e9 uma revela\u00e7\u00e3o:\u00a0<\/p>\n<p style=\"margin-bottom:11px\">\u00abOu\u00e7o muitas perguntas sobre as Federa\u00e7\u00f5es de Portugal e Cro\u00e1cia. Questionam, como \u00e9 poss\u00edvel Portugal ter 10 milh\u00f5es de pessoas e fazer o que faz? Voc\u00eas t\u00eam um grande esp\u00edrito competitivo e uma grande escola de futebol. Em cada final da Champions h\u00e1 jogadores portugueses, em cada Euro voc\u00eas s\u00e3o competitivos. Infelizmente bateram a minha Eslov\u00e9nia no \u00faltimo Euro. Se virem estes rapazes que estiveram aqui, \u00e9 incr\u00edvel\u00bb, disse, referindo-se aos jogadores da Sele\u00e7\u00e3o portuguesa.\u00a0<\/p>\n<p>Um dos embaixadores do futebol portugu\u00eas no mundo \u00e9, claro est\u00e1, Cristiano Ronaldo. Ceferin elogiou a competitividade de CR7.\u00a0<\/p>\n<p>\u00abEle n\u00e3o \u00e9 um dos maiores promotores de Portugal, ele \u00e9 o maior, de longe. Nunca vi ningu\u00e9m t\u00e3o competitivo. Ele \u00e9 incr\u00edvel. Alcan\u00e7ar o que ele alcan\u00e7ou&#8230; penso que precis\u00e1vamos de duas horas de conversa. Tenho grande respeito por ele pela muita caridade que ele fez ao longo da carreira, sem precisar disso. \u00c9 um dos tr\u00eas nomes do futebol mundial de sempre\u00bb, afirmou.<\/p>\n<p>Ceferin tamb\u00e9m destacou alguns valores da Sele\u00e7\u00e3o, em particular Nuno Mendes.<\/p>\n<p>\u00abNuno Mendes \u00e9 fant\u00e1stico, talvez seja o melhor jogador da atualidade, mas a sua posi\u00e7\u00e3o n\u00e3o \u00e9 t\u00e3o apreciada como a dos que marcam. H\u00e1 Jo\u00e3o Neves, Vitinha, o meu central favorito, R\u00faben Dias, mas n\u00e3o queria dizer nomes, ainda me esque\u00e7o de algu\u00e9m. \u00c9 impressionante o que voc\u00eas [Portugal] fazem, n\u00e3o \u00e9 s\u00f3 talento e trabalho duro, os outros tamb\u00e9m o fazem. H\u00e1 qualquer coisa mais, espero descobrir antes de deixar a presid\u00eancia da UEFA.\u00bb<\/p>\n<p>Al\u00e9m disso, Ceferin abordou as competi\u00e7\u00f5es da UEFA. Mostrou-se satisfeito com o novo formato da Champions e da Liga Europa, prometendo manter esse esquema at\u00e9 ao final do seu mandato.\u00a0<\/p>\n<p>\u00abPara o Euro n\u00e3o vejo mudan\u00e7as, talvez a qualifica\u00e7\u00e3o mas sem mais jogos, porque n\u00e3o h\u00e1 espa\u00e7o. Talvez tentemos tornar a qualifica\u00e7\u00e3o mais interessante\u00bb, abriu o pano.\u00a0<\/p>\n<p>Admitindo que \u00abos tempos s\u00e3o os mais perigosos desde a d\u00e9cada de 1930\u00bb, Ceferin diz que a sua maior\u00a0press\u00e3o \u00e9 \u00abolhar ao espelho de manh\u00e3\u00bb.<\/p>\n<p paraeid=\"{ef772755-1bff-4859-b430-41432482f09a}{4}\" paraid=\"1951227910\">A Portugal Football Summit inicia-se nesta quarta-feira e decorre at\u00e9 s\u00e1bado, na Cidade do Futebol.<\/p>\n","protected":false},"excerpt":{"rendered":"Aleksander Ceferin, presidente da UEFA, o m\u00e1ximo organismo do futebol europeu, marcou presen\u00e7a na cerim\u00f3nia de abertura da&hellip;\n","protected":false},"author":2,"featured_media":103002,"comment_status":"","ping_status":"","sticky":false,"template":"","format":"standard","meta":{"footnotes":""},"categories":[87],"tags":[24941,135,5560,285,46,32,24942,33,47,4338,134,2697],"class_list":{"0":"post-103001","1":"post","2":"type-post","3":"status-publish","4":"format-standard","5":"has-post-thumbnail","7":"category-desporto","8":"tag-ceferin","9":"tag-desporto","10":"tag-federacao-portuguesa-de-futebol","11":"tag-fpf","12":"tag-maisfutebol","13":"tag-portugal","14":"tag-portugal-football-summit","15":"tag-pt","16":"tag-pura-paixao","17":"tag-selecao","18":"tag-sports","19":"tag-uefa"},"share_on_mastodon":{"url":"","error":""},"_links":{"self":[{"href":"https:\/\/www.europesays.com\/pt\/wp-json\/wp\/v2\/posts\/103001","targetHints":{"allow":["GET"]}}],"collection":[{"href":"https:\/\/www.europesays.com\/pt\/wp-json\/wp\/v2\/posts"}],"about":[{"href":"https:\/\/www.europesays.com\/pt\/wp-json\/wp\/v2\/types\/post"}],"author":[{"embeddable":true,"href":"https:\/\/www.europesays.com\/pt\/wp-json\/wp\/v2\/users\/2"}],"replies":[{"embeddable":true,"href":"https:\/\/www.europesays.com\/pt\/wp-json\/wp\/v2\/comments?post=103001"}],"version-history":[{"count":0,"href":"https:\/\/www.europesays.com\/pt\/wp-json\/wp\/v2\/posts\/103001\/revisions"}],"wp:featuredmedia":[{"embeddable":true,"href":"https:\/\/www.europesays.com\/pt\/wp-json\/wp\/v2\/media\/103002"}],"wp:attachment":[{"href":"https:\/\/www.europesays.com\/pt\/wp-json\/wp\/v2\/media?parent=103001"}],"wp:term":[{"taxonomy":"category","embeddable":true,"href":"https:\/\/www.europesays.com\/pt\/wp-json\/wp\/v2\/categories?post=103001"},{"taxonomy":"post_tag","embeddable":true,"href":"https:\/\/www.europesays.com\/pt\/wp-json\/wp\/v2\/tags?post=103001"}],"curies":[{"name":"wp","href":"https:\/\/api.w.org\/{rel}","templated":true}]}}