{"id":103005,"date":"2025-10-09T03:47:14","date_gmt":"2025-10-09T03:47:14","guid":{"rendered":"https:\/\/www.europesays.com\/pt\/103005\/"},"modified":"2025-10-09T03:47:14","modified_gmt":"2025-10-09T03:47:14","slug":"niki-de-saint-phalle-ganha-exposicao-em-belo-horizonte-08-10-2025-ilustrada","status":"publish","type":"post","link":"https:\/\/www.europesays.com\/pt\/103005\/","title":{"rendered":"Niki de Saint Phalle ganha exposi\u00e7\u00e3o em Belo Horizonte &#8211; 08\/10\/2025 &#8211; Ilustrada"},"content":{"rendered":"<p>Cascatas de cores escorrem sobre o relevo branco, emergindo da tela. Ao explodirem na superf\u00edcie, vermelhos, laranjas e azuis radiosos revelam a pintura singular de Niki de Saint Phalle (1930\u20132002), que montava pain\u00e9is com objetos e bolsas cheias de tinta, cobria-os com gesso e, num gesto perform\u00e1tico, os <a href=\"https:\/\/nikidesaintphalle.org\/niki-de-saint-phalle\/biography\/#1960-1964\" rel=\"nofollow noopener\" target=\"_blank\">atingia com tiros de rifle<\/a>.<\/p>\n<p>&#8220;Disparo \u00e0 Dist\u00e2ncia&#8221; e &#8220;A Catedral Vermelha&#8221;, dos anos 1960, desafiam a pintura de cavalete e, ao mesmo tempo, afirmam o poder das mulheres, a insurg\u00eancia contra formas de autoridade e a tentativa da artista de elaborar traumas de um abuso sexual causado pelo pai.<\/p>\n<p>&#8220;Meus sentimentos de agressividade encontraram uma forma de sublima\u00e7\u00e3o&#8221;, dizia Niki sobre os trabalhos perform\u00e1ticos que a tornaram conhecida no circuito da <a href=\"https:\/\/www1.folha.uol.com.br\/folha-topicos\/arte\/\" rel=\"nofollow noopener\" target=\"_blank\">arte<\/a>.<\/p>\n<p>As obras integram a exposi\u00e7\u00e3o &#8220;<a href=\"https:\/\/casafiatdecultura.com.br\/evento\/setembro-na-casa-fiat-de-cultura-2025\/exposicao-niki-de-saint-phalle-sonhos-de-liberdade-na-casa-fiat-de-cultura\/\" rel=\"nofollow noopener\" target=\"_blank\">Sonhos de Liberdade<\/a>&#8220;, com 67 cria\u00e7\u00f5es da artista franco-americana na Casa Fiat de Cultura, em <a href=\"https:\/\/www1.folha.uol.com.br\/folha-topicos\/belo-horizonte\/\" rel=\"nofollow noopener\" target=\"_blank\">Belo Horizonte<\/a>, dentro da Temporada <a href=\"https:\/\/www1.folha.uol.com.br\/folha-topicos\/franca\/\" rel=\"nofollow noopener\" target=\"_blank\">Fran\u00e7a<\/a>-Brasil 2025.<\/p>\n<p>Para a mostra, os curadores H\u00e9l\u00e8ne Guenin e Olivier Bergesi selecionaram pe\u00e7as do acervo do Museu de Arte Moderna e Arte Contempor\u00e2nea de Nice, o <a href=\"https:\/\/www.mamac-nice.org\/en\/\" rel=\"nofollow noopener\" target=\"_blank\">Mamac<\/a>, dono de uma das tr\u00eas maiores cole\u00e7\u00f5es de Niki no mundo. Completa o conjunto uma escultura da <a href=\"https:\/\/guia.folha.uol.com.br\/passeios\/2025\/03\/pinacoteca-celebra-aniversario-de-120-anos-com-18-exposicoes-veja-quais-ja-estao-abertas.shtml\" rel=\"nofollow noopener\" target=\"\">Pinacoteca de S\u00e3o Paulo<\/a>, a multicolorida &#8220;<a href=\"https:\/\/www.instagram.com\/reel\/C3BU9AQv29J\/\" rel=\"nofollow noopener\" target=\"_blank\">Fonte das Quatro Nan\u00e1s<\/a>&#8220;, feita em 1998.<\/p>\n<p>O recorte apresenta produ\u00e7\u00f5es que abrangem, de certa forma, toda a trajet\u00f3ria da artista, desde os trabalhos mais remotos, como &#8220;Escorpi\u00e3o e Cervo&#8221;, dos anos 1950. Na tela, numa paisagem convulsionada por gotejamentos \u00e0 la <a href=\"https:\/\/www1.folha.uol.com.br\/ilustrada\/2023\/03\/pintura-inedita-de-jackson-pollock-e-encontrada-pela-policia-da-bulgaria.shtml\" rel=\"nofollow noopener\" target=\"\">Jackson Pollock<\/a>, os animais aparecem num combate improv\u00e1vel.<\/p>\n<p>A figura de uma menininha loira de bra\u00e7os erguidos para o c\u00e9u e uma igreja surgem entre montanhas incrustadas de pedacinhos de metal e cacos de cer\u00e2mica, elementos significativos de seu despontar art\u00edstico.<\/p>\n<p>De fam\u00edlia privilegiada, <a href=\"https:\/\/nikidesaintphalle.org\/niki-de-saint-phalle\/biography\/#1930-1949\" rel=\"nofollow noopener\" target=\"_blank\">Catherine Marie-Agn\u00e8s Fal de Saint Phalle<\/a> nasceu em <a href=\"https:\/\/www1.folha.uol.com.br\/fsp\/mundo\/ft1605200708.htm\" rel=\"nofollow noopener\" target=\"\">Neuilly-sur-Seine<\/a>, sub\u00farbio aristocr\u00e1tico de <a href=\"https:\/\/www1.folha.uol.com.br\/folha-topicos\/paris\/\" rel=\"nofollow noopener\" target=\"_blank\">Paris<\/a>, mas mudou-se ainda pequena para os <a href=\"https:\/\/www1.folha.uol.com.br\/folha-topicos\/estados-unidos\/\" rel=\"nofollow noopener\" target=\"_blank\">Estados Unidos<\/a>, onde estudou em col\u00e9gios de educa\u00e7\u00e3o religiosa e progressista, tendo sido transferida de um e expulsa do outro.<\/p>\n<p>Em 1953, j\u00e1 casada e de volta \u00e0 Fran\u00e7a, Niki enfrentou um quadro depressivo que a manteve semanas internada em Nice. Ali encontrou na arte uma ajuda terap\u00eautica.<\/p>\n<p>&#8220;No fim das contas, minha depress\u00e3o nervosa acabou sendo algo bom, porque a estadia na cl\u00ednica fez de mim uma pintora&#8221;, escreveu no livro em que recorda os anos vividos em fam\u00edlia, com o primeiro marido, o escritor <a href=\"https:\/\/www.poetryfoundation.org\/poets\/harry-mathews\" rel=\"nofollow noopener\" target=\"_blank\">Harry Mathews<\/a>, e os dois filhos.<\/p>\n<p>Nas primeiras assemblages, ainda no hospital, ela usava materiais que encontrava no jardim, como pedras e gravetos. Na mostra, algumas de suas colagens posteriores, com brinquedos, bot\u00f5es, navalhas e armas, como em &#8220;Roda da Fortuna (Circular com Duas Pistolas)&#8221; e &#8220;O Batom&#8221;, dos anos 1960, refor\u00e7am esse come\u00e7o autodidata.<\/p>\n<p>Mais tarde, j\u00e1 separada do marido e dividindo um ateli\u00ea com o escultor su\u00ed\u00e7o <a href=\"https:\/\/www1.folha.uol.com.br\/fsp\/1996\/10\/29\/ilustrada\/1.html\" rel=\"nofollow noopener\" target=\"\">Jean Tinguely<\/a>, que viria a ser seu companheiro, a artista viveu uma de suas fases mais criativas. \u00c9poca das pinturas-tiro e das <a href=\"https:\/\/nikidesaintphalle.org\/niki-de-saint-phalle\/biography\/#1965-1969\" rel=\"nofollow noopener\" target=\"_blank\">Nanas<\/a>, figuras femininas felizes e exuberantes, inspiradas nas formas rechonchudas de <a href=\"https:\/\/www.nytimes.com\/2024\/09\/27\/arts\/clarice-rivers-dead.html\" rel=\"nofollow noopener\" target=\"_blank\">sua amiga Clarice Rivers<\/a> durante a gravidez.<\/p>\n<p>&#8220;Clarice \u00e9 uma \u00e1rvore&#8221;, &#8220;Clarice \u00e9 uma deusa&#8221;, &#8220;Voc\u00ea fica t\u00e3o linda de mai\u00f4&#8221;, Niki escreve na serigrafia &#8220;<a href=\"https:\/\/www.nga.gov\/artworks\/173756-sweet-sexy-clarice\" rel=\"nofollow noopener\" target=\"_blank\">Doce e Sexy Clarice<\/a>&#8220;, de 1968, com sua tipografia bordada.<\/p>\n<p>Em &#8220;Nana Bola Sem Cabe\u00e7a&#8221;, de 1965, o espectador encontra numa figura recoberta de l\u00e3 colorida a celebra\u00e7\u00e3o da feminilidade livre de padr\u00f5es, como se uma <a href=\"https:\/\/f5.folha.uol.com.br\/voceviu\/2018\/03\/facebook-se-desculpa-apos-censura-de-venus-do-paleolitico.shtml\" rel=\"nofollow noopener\" target=\"\">V\u00eanus de Willendorf<\/a> ampliada tivesse saltado do paleol\u00edtico direto para a arte contempor\u00e2nea.<\/p>\n<p>Com a mesma energia vibrante, outras garotas, como diz o termo nana em franc\u00eas, tomam o espa\u00e7o expositivo e parecem flutuar.<\/p>\n<p>\u00c9 o caso de &#8220;Erica&#8221;, de 1965, com o corpo arqueado para tr\u00e1s, e de &#8220;Nana Negra de Cabe\u00e7a Para Baixo&#8221;, de 1966, que traz \u00e0 mente uma dan\u00e7arina de <a href=\"https:\/\/www1.folha.uol.com.br\/folha-topicos\/breaking\/\" rel=\"nofollow noopener\" target=\"\">breaking<\/a>.<\/p>\n<p>Embora seus trabalhos sejam muito associados ao feminismo, o curador Olivier Bergesi n\u00e3o a fecha em r\u00f3tulos. &#8220;Niki foi mais do que feminista, digamos assim. Sua obra abra\u00e7ava v\u00e1rias lutas, como a antirracista e a ecol\u00f3gica. V\u00e1rios movimentos, portanto, poderiam se reconhecer nela&#8221;, diz.<\/p>\n<p>\u00c9 inclusive das p\u00e1ginas de &#8220;<a href=\"https:\/\/www1.folha.uol.com.br\/folha-topicos\/aids\/\" rel=\"nofollow noopener\" target=\"_blank\">Aids, You Can&#8217;t Catch It Holding Hands<\/a>&#8220;, voc\u00ea n\u00e3o pega dando as m\u00e3os, livro que a artista escreveu com um imunologista para combater o estigma em torno do HIV\/<a href=\"https:\/\/www1.folha.uol.com.br\/folha-topicos\/aids\/\" rel=\"nofollow noopener\" target=\"_blank\">Aids<\/a> nos anos 1980, que surgiu a &#8220;Trilogia dos Obeliscos&#8221;, de 1987.<\/p>\n<p>As tr\u00eas coloridas formas f\u00e1licas, decoradas com flores, animais e caveiras, evocam arcaicas celebra\u00e7\u00f5es de vida e fertilidade.<\/p>\n<p>Do seu projeto mais ambicioso, o <a href=\"https:\/\/www.newyorker.com\/magazine\/2016\/04\/18\/niki-de-saint-phalles-tarot-garden\" rel=\"nofollow noopener\" target=\"_blank\">Jardim dos Tar\u00f4s<\/a> \u2014um parque de esculturas monumentais dos <a href=\"https:\/\/f5.folha.uol.com.br\/astrologia\/2025\/09\/saiba-como-descobrir-e-interpretar-seu-arcano-pessoal.shtml\" rel=\"nofollow noopener\" target=\"\">arcanos maiores<\/a>, em uma \u00e1rea do tamanho de 20 campos de futebol na Toscana\u2014, a mostra apresenta litografias dos anos 1990 de cartas como a Temperan\u00e7a, a Justi\u00e7a, o Sol e o Enforcado.<\/p>\n<p>&#8220;Os tar\u00f4s me lembram os contos de fadas que eu tanto amava na inf\u00e2ncia&#8221;, dizia Niki sobre o or\u00e1culo. &#8220;Cada carta representa uma prova\u00e7\u00e3o, um tesouro e uma pergunta. A longa jornada pelas 22 dos arcanos maiores \u00e9 o trabalho de uma vida&#8221;.<\/p>\n<p>                  <script async src=\"\/\/www.instagram.com\/embed.js\"><\/script><\/p>\n","protected":false},"excerpt":{"rendered":"Cascatas de cores escorrem sobre o relevo branco, emergindo da tela. Ao explodirem na superf\u00edcie, vermelhos, laranjas e&hellip;\n","protected":false},"author":2,"featured_media":103006,"comment_status":"","ping_status":"","sticky":false,"template":"","format":"standard","meta":{"footnotes":""},"categories":[144],"tags":[207,205,206,559,203,201,202,6846,24945,204,114,115,445,236,208,1175,1519,731,2458,24944,32,33,24943],"class_list":{"0":"post-103005","1":"post","2":"type-post","3":"status-publish","4":"format-standard","5":"has-post-thumbnail","7":"category-arte-e-design","8":"tag-arte","9":"tag-arte-e-design","10":"tag-artedesign","11":"tag-artes-plasticas","12":"tag-arts","13":"tag-arts-and-design","14":"tag-artsanddesign","15":"tag-belo-horizonte","16":"tag-breaking","17":"tag-design","18":"tag-entertainment","19":"tag-entretenimento","20":"tag-europa","21":"tag-folha","22":"tag-franca","23":"tag-hiv","24":"tag-minas-gerais-estado","25":"tag-nice","26":"tag-paris","27":"tag-pinacoteca-de-sao-paulo","28":"tag-portugal","29":"tag-pt","30":"tag-taro"},"share_on_mastodon":{"url":"","error":""},"_links":{"self":[{"href":"https:\/\/www.europesays.com\/pt\/wp-json\/wp\/v2\/posts\/103005","targetHints":{"allow":["GET"]}}],"collection":[{"href":"https:\/\/www.europesays.com\/pt\/wp-json\/wp\/v2\/posts"}],"about":[{"href":"https:\/\/www.europesays.com\/pt\/wp-json\/wp\/v2\/types\/post"}],"author":[{"embeddable":true,"href":"https:\/\/www.europesays.com\/pt\/wp-json\/wp\/v2\/users\/2"}],"replies":[{"embeddable":true,"href":"https:\/\/www.europesays.com\/pt\/wp-json\/wp\/v2\/comments?post=103005"}],"version-history":[{"count":0,"href":"https:\/\/www.europesays.com\/pt\/wp-json\/wp\/v2\/posts\/103005\/revisions"}],"wp:featuredmedia":[{"embeddable":true,"href":"https:\/\/www.europesays.com\/pt\/wp-json\/wp\/v2\/media\/103006"}],"wp:attachment":[{"href":"https:\/\/www.europesays.com\/pt\/wp-json\/wp\/v2\/media?parent=103005"}],"wp:term":[{"taxonomy":"category","embeddable":true,"href":"https:\/\/www.europesays.com\/pt\/wp-json\/wp\/v2\/categories?post=103005"},{"taxonomy":"post_tag","embeddable":true,"href":"https:\/\/www.europesays.com\/pt\/wp-json\/wp\/v2\/tags?post=103005"}],"curies":[{"name":"wp","href":"https:\/\/api.w.org\/{rel}","templated":true}]}}