{"id":103007,"date":"2025-10-09T03:49:09","date_gmt":"2025-10-09T03:49:09","guid":{"rendered":"https:\/\/www.europesays.com\/pt\/103007\/"},"modified":"2025-10-09T03:49:09","modified_gmt":"2025-10-09T03:49:09","slug":"padre-de-sc-recebe-pedido-inusitado-apos-morte-de-odete-roitman-em-vale-tudo","status":"publish","type":"post","link":"https:\/\/www.europesays.com\/pt\/103007\/","title":{"rendered":"Padre de SC recebe pedido inusitado ap\u00f3s morte de Odete Roitman em Vale Tudo"},"content":{"rendered":"<p>                            <img width=\"944\" height=\"531\" src=\"https:\/\/www.europesays.com\/pt\/wp-content\/uploads\/2025\/10\/padre-Odete-Roitman-944x531.jpg\" class=\"attachment-custom-large size-custom-large article-featured-image\" alt=\"padre Odete Roitman\" fetchpriority=\"high\" decoding=\"async\"  \/><\/p>\n<p>Padre relatou situa\u00e7\u00e3o nas redes (Foto: Redes sociais, Reprodu\u00e7\u00e3o)<\/p>\n<p>Um pedido de ora\u00e7\u00e3o chamou aten\u00e7\u00e3o do padre Gabriel Natan, vig\u00e1rio da Par\u00f3quia S\u00e3o Francisco de Assis, em Blumenau, nesta semana. Uma frequentadora da igreja pediu que ele rezasse por Odete Roitman (D\u00e9bora Bloch), <a href=\"https:\/\/www.nsctotal.com.br\/noticias\/morte-odete-roitman-vale-tudo\" target=\"_blank\" rel=\"noreferrer noopener nofollow\"><strong>personagem morta na novela<\/strong><\/a> Vale Tudo no cap\u00edtulo de segunda-feira (6). As informa\u00e7\u00f5es s\u00e3o do g1.<\/p>\n<p>Continua depois da publicidade<\/p>\n<p>\u2014 Hoje recebi um pedido de ora\u00e7\u00e3o bem inusitado. Um paroquiana mandou bem assim: o senhor pode rezar por uma pessoa que faleceu? Eu falei claro. Qual o nome? Ela mandou: Odete Roitman \u2014 relatou.<\/p>\n<p>Ele compartilhou o pedido inusitado nas redes sociais, onde as rea\u00e7\u00f5es foram diversas. \u201cA mulher levou a morte da Odete a s\u00e9rio\u201d, disse um coment\u00e1rio. \u201cMeu bem, n\u00e3o \u00e9 de bom tom ficar expondo os pedidos de ora\u00e7\u00f5es dos seus fi\u00e9is\u201d, brincou outro.<\/p>\n<p>Veja imagens do cap\u00edtulo da morte de Odete Roitman1<\/p>\n<p>VoltarAvan\u00e7ar<\/p>\n<p><img loading=\"lazy\" decoding=\"async\" width=\"1200\" height=\"675\" data-id=\"7677712\" src=\"https:\/\/www.europesays.com\/pt\/wp-content\/uploads\/2025\/10\/MORTE-ODETE-ROITMAN-4.jpg\" alt=\"\" class=\"wp-image-7677712\"  \/><\/p>\n<p>C\u00e9sar e Olavo tinha plano para matar Odete (Foto: Globoplay, Reprodu\u00e7\u00e3o)<\/p>\n<p><img loading=\"lazy\" decoding=\"async\" width=\"1200\" height=\"675\" data-id=\"7677713\" src=\"https:\/\/www.europesays.com\/pt\/wp-content\/uploads\/2025\/10\/MORTE-ODETE-ROITMAN-3.jpg\" alt=\"\" class=\"wp-image-7677713\"  \/><\/p>\n<p>Heleninha estava desaparecida (Foto: Globoplay, Reprodu\u00e7\u00e3o)<\/p>\n<p><img loading=\"lazy\" decoding=\"async\" width=\"1200\" height=\"675\" data-id=\"7677714\" src=\"https:\/\/www.europesays.com\/pt\/wp-content\/uploads\/2025\/10\/MORTE-ODETE-ROITMAN-2.jpg\" alt=\"\" class=\"wp-image-7677714\"  \/><\/p>\n<p>Marco Aur\u00e9lio e Leila se hospedaram no mesmo hotel (Foto: Globoplay, Reprodu\u00e7\u00e3o)<\/p>\n<p><img loading=\"lazy\" decoding=\"async\" width=\"1200\" height=\"675\" data-id=\"7677715\" src=\"https:\/\/www.europesays.com\/pt\/wp-content\/uploads\/2025\/10\/MORTE-ODETE-ROITMAN-1.jpg\" alt=\"\" class=\"wp-image-7677715\"  \/><\/p>\n<p>Celina estava preocupada com o sumi\u00e7o Heleninha (Foto: Globoplay, Reprodu\u00e7\u00e3o)<\/p>\n<p><img loading=\"lazy\" decoding=\"async\" width=\"1200\" height=\"675\" data-id=\"7677716\" src=\"https:\/\/www.europesays.com\/pt\/wp-content\/uploads\/2025\/10\/MORTE-ODETE-ROITMAN.jpg\" alt=\"\" class=\"wp-image-7677716\"  \/><\/p>\n<p>F\u00e1tima aprendeu a atirar (Foto: Globoplay, Reprodu\u00e7\u00e3o)<\/p>\n<p><img loading=\"lazy\" decoding=\"async\" width=\"1200\" height=\"675\" data-id=\"7677737\" src=\"https:\/\/www.europesays.com\/pt\/wp-content\/uploads\/2025\/10\/MORTE-ODETE-ROITMAN-7.jpg\" alt=\"\" class=\"wp-image-7677737\"  \/><\/p>\n<p>Celina chega no hotel (Foto: Globoplay, Reprodu\u00e7\u00e3o)<\/p>\n<p><img loading=\"lazy\" decoding=\"async\" width=\"1200\" height=\"675\" data-id=\"7677738\" src=\"https:\/\/www.europesays.com\/pt\/wp-content\/uploads\/2025\/10\/MORTE-ODETE-ROITMAN-6.jpg\" alt=\"\" class=\"wp-image-7677738\"  \/><\/p>\n<p>Marco Aur\u00e9lio se prepara para plano de assassinar Odete (Foto: Globoplay, Reprodu\u00e7\u00e3o)<\/p>\n<p><img loading=\"lazy\" decoding=\"async\" width=\"1200\" height=\"675\" data-id=\"7677739\" src=\"https:\/\/www.europesays.com\/pt\/wp-content\/uploads\/2025\/10\/MORTE-ODETE-ROITMAN-5.jpg\" alt=\"\" class=\"wp-image-7677739\"  \/><\/p>\n<p>Odete curte piscina do hotel antes de ser morta (Foto: Globoplay, Reprodu\u00e7\u00e3o)<\/p>\n<p>A t\u00e3o aguardada morte de Odete Roitman foi ao ar na segunda-feira. A empres\u00e1ria levou um tiro em sua su\u00edte no Copacabana Palace, e ainda n\u00e3o se sabe quem foi o respons\u00e1vel. Cinco personagens foram apresentados como os principais suspeitos.<\/p>\n<p>Continua depois da publicidade<\/p>\n<p>Quem matou Odete Roitman \u00e9 uma das perguntas mais emblem\u00e1ticas da hist\u00f3ria da TV por conta da primeira vers\u00e3o da novela, de 1988. Na vers\u00e3o original, foi Leila, esposa de Marco Aur\u00e9lio, que deu o tiro fatal. O\u00a0<strong>NSC Total<\/strong>\u00a0quer saber, quem voc\u00ea acha que matou a vil\u00e3? Clique aqui e\u00a0<a href=\"https:\/\/www.nsctotal.com.br\/noticias\/vote-quem-voce-acha-que-vai-matar-odete-roitman-em-vale-tudo\" target=\"_blank\" rel=\"noreferrer noopener nofollow\"><strong>vote na enquete.<\/strong><\/a><\/p>\n<p>Veja a cena em que Odete Roitman \u00e9 assassinadaLeia tamb\u00e9m<\/p>\n<p><a href=\"https:\/\/www.nsctotal.com.br\/noticias\/vale-tudo-odete-roitman-morreu-mesmo-ou-esta-fingindo\" target=\"_blank\" rel=\"noreferrer noopener nofollow\"><strong>Vale Tudo: Odete Roitman morreu mesmo ou est\u00e1 fingindo?<\/strong><\/a><\/p>\n<p><a href=\"https:\/\/www.nsctotal.com.br\/noticias\/globo-divulga-as-primeiras-imagens-do-enterro-de-odete-roitman-em-vale-tudo\" target=\"_blank\" rel=\"noreferrer noopener nofollow\"><strong>Globo divulga as primeiras imagens do enterro de Odete Roitman em Vale Tudo<\/strong><\/a><\/p>\n","protected":false},"excerpt":{"rendered":"Padre relatou situa\u00e7\u00e3o nas redes (Foto: Redes sociais, Reprodu\u00e7\u00e3o) Um pedido de ora\u00e7\u00e3o chamou aten\u00e7\u00e3o do padre Gabriel&hellip;\n","protected":false},"author":2,"featured_media":103008,"comment_status":"","ping_status":"","sticky":false,"template":"","format":"standard","meta":{"footnotes":""},"categories":[142],"tags":[7448,829,114,115,32,33,151],"class_list":{"0":"post-103007","1":"post","2":"type-post","3":"status-publish","4":"format-standard","5":"has-post-thumbnail","7":"category-tv","8":"tag-blumenau","9":"tag-conteudo-liberado","10":"tag-entertainment","11":"tag-entretenimento","12":"tag-portugal","13":"tag-pt","14":"tag-tv"},"share_on_mastodon":{"url":"","error":""},"_links":{"self":[{"href":"https:\/\/www.europesays.com\/pt\/wp-json\/wp\/v2\/posts\/103007","targetHints":{"allow":["GET"]}}],"collection":[{"href":"https:\/\/www.europesays.com\/pt\/wp-json\/wp\/v2\/posts"}],"about":[{"href":"https:\/\/www.europesays.com\/pt\/wp-json\/wp\/v2\/types\/post"}],"author":[{"embeddable":true,"href":"https:\/\/www.europesays.com\/pt\/wp-json\/wp\/v2\/users\/2"}],"replies":[{"embeddable":true,"href":"https:\/\/www.europesays.com\/pt\/wp-json\/wp\/v2\/comments?post=103007"}],"version-history":[{"count":0,"href":"https:\/\/www.europesays.com\/pt\/wp-json\/wp\/v2\/posts\/103007\/revisions"}],"wp:featuredmedia":[{"embeddable":true,"href":"https:\/\/www.europesays.com\/pt\/wp-json\/wp\/v2\/media\/103008"}],"wp:attachment":[{"href":"https:\/\/www.europesays.com\/pt\/wp-json\/wp\/v2\/media?parent=103007"}],"wp:term":[{"taxonomy":"category","embeddable":true,"href":"https:\/\/www.europesays.com\/pt\/wp-json\/wp\/v2\/categories?post=103007"},{"taxonomy":"post_tag","embeddable":true,"href":"https:\/\/www.europesays.com\/pt\/wp-json\/wp\/v2\/tags?post=103007"}],"curies":[{"name":"wp","href":"https:\/\/api.w.org\/{rel}","templated":true}]}}