{"id":103009,"date":"2025-10-09T03:52:09","date_gmt":"2025-10-09T03:52:09","guid":{"rendered":"https:\/\/www.europesays.com\/pt\/103009\/"},"modified":"2025-10-09T03:52:09","modified_gmt":"2025-10-09T03:52:09","slug":"mundial-2026-angola-falha-presenca-na-fase-final","status":"publish","type":"post","link":"https:\/\/www.europesays.com\/pt\/103009\/","title":{"rendered":"Mundial 2026: Angola falha presen\u00e7a na fase final"},"content":{"rendered":"<p>Angola viu, esta quarta-feira, o sonho de voltar a participar num Mundial de futebol cair por terra, ap\u00f3s empatar 2-2 frente o Essuat\u00edni, na pen\u00faltima jornada da fase de qualifica\u00e7\u00e3o.<\/p>\n<p>Os \u00abPalancas Negras\u00bb integravam o grupo D, juntamente com Cabo Verde, Camar\u00f5es, L\u00edbia, Maur\u00edcias e Essuat\u00edni. Neste momento, a qualifica\u00e7\u00e3o direta para o Campeonato do Mundo discute-se entre Cabo Verde e os Camar\u00f5es, que lutam pelo primeiro lugar. Ainda assim, o que terminar na segundo posi\u00e7\u00e3o poder\u00e1 apurar-se para o play-offs, caso esteja entre os quatro melhores segundos classificados do grupo.<\/p>\n<p>Assim, Angola mant\u00e9m apenas uma presen\u00e7a em fases finais de Mundiais, a de 2006, na Alemanha. Nesse ano, ficou-se pela fase de grupos, terminando na terceira posi\u00e7\u00e3o do grupo A, curiosamente o mesmo em que estava inserido Portugal.<\/p>\n<p>Angola volta a jogar na pr\u00f3xima segunda-feira, dia 13 de outubro, frente aos Camar\u00f5es.<\/p>\n","protected":false},"excerpt":{"rendered":"Angola viu, esta quarta-feira, o sonho de voltar a participar num Mundial de futebol cair por terra, ap\u00f3s&hellip;\n","protected":false},"author":2,"featured_media":103010,"comment_status":"","ping_status":"","sticky":false,"template":"","format":"standard","meta":{"footnotes":""},"categories":[87],"tags":[1063,135,24946,24947,5433,46,12632,32,33,47,18863,4219,5434,5920,134],"class_list":{"0":"post-103009","1":"post","2":"type-post","3":"status-publish","4":"format-standard","5":"has-post-thumbnail","7":"category-desporto","8":"tag-angola","9":"tag-desporto","10":"tag-essuatini","11":"tag-fase-final","12":"tag-jogos-hoje","13":"tag-maisfutebol","14":"tag-mundial-2026","15":"tag-portugal","16":"tag-pt","17":"tag-pura-paixao","18":"tag-qualificacao","19":"tag-resultado-final","20":"tag-resultados-hoje","21":"tag-resultados-maisfutebol","22":"tag-sports"},"share_on_mastodon":{"url":"","error":""},"_links":{"self":[{"href":"https:\/\/www.europesays.com\/pt\/wp-json\/wp\/v2\/posts\/103009","targetHints":{"allow":["GET"]}}],"collection":[{"href":"https:\/\/www.europesays.com\/pt\/wp-json\/wp\/v2\/posts"}],"about":[{"href":"https:\/\/www.europesays.com\/pt\/wp-json\/wp\/v2\/types\/post"}],"author":[{"embeddable":true,"href":"https:\/\/www.europesays.com\/pt\/wp-json\/wp\/v2\/users\/2"}],"replies":[{"embeddable":true,"href":"https:\/\/www.europesays.com\/pt\/wp-json\/wp\/v2\/comments?post=103009"}],"version-history":[{"count":0,"href":"https:\/\/www.europesays.com\/pt\/wp-json\/wp\/v2\/posts\/103009\/revisions"}],"wp:featuredmedia":[{"embeddable":true,"href":"https:\/\/www.europesays.com\/pt\/wp-json\/wp\/v2\/media\/103010"}],"wp:attachment":[{"href":"https:\/\/www.europesays.com\/pt\/wp-json\/wp\/v2\/media?parent=103009"}],"wp:term":[{"taxonomy":"category","embeddable":true,"href":"https:\/\/www.europesays.com\/pt\/wp-json\/wp\/v2\/categories?post=103009"},{"taxonomy":"post_tag","embeddable":true,"href":"https:\/\/www.europesays.com\/pt\/wp-json\/wp\/v2\/tags?post=103009"}],"curies":[{"name":"wp","href":"https:\/\/api.w.org\/{rel}","templated":true}]}}