{"id":103022,"date":"2025-10-09T04:20:20","date_gmt":"2025-10-09T04:20:20","guid":{"rendered":"https:\/\/www.europesays.com\/pt\/103022\/"},"modified":"2025-10-09T04:20:20","modified_gmt":"2025-10-09T04:20:20","slug":"torco-por-ele-e-que-as-coisas-continuem-a-melhorar-tambem-para-o-fc-porto","status":"publish","type":"post","link":"https:\/\/www.europesays.com\/pt\/103022\/","title":{"rendered":"\u00abTor\u00e7o por ele e que as coisas continuem a melhorar tamb\u00e9m para o FC Porto\u00bb"},"content":{"rendered":"<p>Derlei foi um dos convidados da gala dos Portugal Football Globes. O antigo avan\u00e7ado do FC Porto comentou a atualidade do futebol portugu\u00eas, nomeadamente o regresso de Jos\u00e9 Mourinho ao Benfica. <\/p>\n<p>\u00ab\u00c9 um enorme prazer, n\u00e3o s\u00f3 para mim, mas acho que para todo o futebol portugu\u00eas poder ver o seu regresso ao nosso futebol, \u00e0 nossa Liga. Tor\u00e7o por ele, n\u00e3o foi um pai, mas foi basicamente um tio, at\u00e9 pela quest\u00e3o da idade, n\u00e3o \u00e9 muito mais velho do que eu. Por tudo aquilo que ele fez e pelo que me ajudou durante a minha carreira, tenho uma gratid\u00e3o eterna e, naturalmente, tor\u00e7o por ele, n\u00e3o s\u00f3 como ser humano, mas tamb\u00e9m como profissional\u00bb, come\u00e7ou Derlei, que falou de Jos\u00e9 Mourinho. <\/p>\n<p>\u00abJos\u00e9 Mourinho no Benfica? Acredito na capacidade que ele demonstrou, ao longo da sua carreira. Tem um curr\u00edculo invej\u00e1vel. Eu acho importante para a Liga portuguesa, naturalmente, tal como o Benfica fez agora, ir buscar treinadores que tenham esse know how, que podem acrescentar muitas coisas. Sabemos o conhecimento que ele traz, n\u00e3o s\u00f3 para o Benfica, mas para a Liga\u00bb, frisou o antigo avan\u00e7ado. <\/p>\n<p>Sobre Jos\u00e9 Mourinho e o FC Porto, Derlei garantiu que n\u00e3o tem prefer\u00eancia. O antigo avan\u00e7ado falou ainda do novo FC Porto de Francesco Farioli. <\/p>\n<p>\u00abNa realidade, eu tor\u00e7o pelos dois. Todos sabem a gratid\u00e3o que tenho ao FC Porto. Foi o clube que me abriu as portas e depois tamb\u00e9m tive a oportunidade de trabalhar no Benfica e no Sporting. Tamb\u00e9m gra\u00e7as a tudo o que aconteceu no FC do Porto e, naturalmente, com o Mourinho. Foi ele quem me abriu essas portas no FC Porto. Ent\u00e3o, n\u00e3o importa, tor\u00e7o por ele e que as coisas continuem a melhorar tamb\u00e9m para o FC Porto\u00bb, confessou Derlei, que falou do novo FC Porto. <\/p>\n<p>\u00abEu acredito que o FC Porto, comparado \u00e0 \u00e9poca passada, n\u00e3o s\u00f3 pelos pontos, mas pelo que se tem visto, \u00e9 uma equipa um pouco mais vibrante. Nestes 10 jogos, inclusive na pr\u00f3pria Liga Europa, viu-se aquele FC Porto a que est\u00e1vamos acostumados todas as \u00e9pocas, aquele FC Porto mais vibrante, que realmente tem aquela m\u00edstica, como se diz no Norte, aquela forma de jogar, aquela vibra\u00e7\u00e3o. Temos acompanhado isso e este \u00e9 o caminho para o FC do Porto\u00bb, destacou ainda o avan\u00e7ado.<\/p>\n<p><a href=\"https:\/\/bolanarede.pt\/etiqueta\/portugal-football-globes\/\" target=\"_blank\" rel=\"noreferrer noopener nofollow\">L\u00ea mais sobre os Portugal Football Globes. <\/a><\/p>\n","protected":false},"excerpt":{"rendered":"Derlei foi um dos convidados da gala dos Portugal Football Globes. O antigo avan\u00e7ado do FC Porto comentou&hellip;\n","protected":false},"author":2,"featured_media":103023,"comment_status":"","ping_status":"","sticky":false,"template":"","format":"standard","meta":{"footnotes":""},"categories":[87],"tags":[260,51,24956,135,282,1385,32,24957,479,33,134],"class_list":{"0":"post-103022","1":"post","2":"type-post","3":"status-publish","4":"format-standard","5":"has-post-thumbnail","7":"category-desporto","8":"tag-atualidade","9":"tag-benfica","10":"tag-derlei","11":"tag-desporto","12":"tag-fc-porto","13":"tag-jose-mourinho","14":"tag-portugal","15":"tag-portugal-football-globes","16":"tag-primeira-liga","17":"tag-pt","18":"tag-sports"},"share_on_mastodon":{"url":"","error":""},"_links":{"self":[{"href":"https:\/\/www.europesays.com\/pt\/wp-json\/wp\/v2\/posts\/103022","targetHints":{"allow":["GET"]}}],"collection":[{"href":"https:\/\/www.europesays.com\/pt\/wp-json\/wp\/v2\/posts"}],"about":[{"href":"https:\/\/www.europesays.com\/pt\/wp-json\/wp\/v2\/types\/post"}],"author":[{"embeddable":true,"href":"https:\/\/www.europesays.com\/pt\/wp-json\/wp\/v2\/users\/2"}],"replies":[{"embeddable":true,"href":"https:\/\/www.europesays.com\/pt\/wp-json\/wp\/v2\/comments?post=103022"}],"version-history":[{"count":0,"href":"https:\/\/www.europesays.com\/pt\/wp-json\/wp\/v2\/posts\/103022\/revisions"}],"wp:featuredmedia":[{"embeddable":true,"href":"https:\/\/www.europesays.com\/pt\/wp-json\/wp\/v2\/media\/103023"}],"wp:attachment":[{"href":"https:\/\/www.europesays.com\/pt\/wp-json\/wp\/v2\/media?parent=103022"}],"wp:term":[{"taxonomy":"category","embeddable":true,"href":"https:\/\/www.europesays.com\/pt\/wp-json\/wp\/v2\/categories?post=103022"},{"taxonomy":"post_tag","embeddable":true,"href":"https:\/\/www.europesays.com\/pt\/wp-json\/wp\/v2\/tags?post=103022"}],"curies":[{"name":"wp","href":"https:\/\/api.w.org\/{rel}","templated":true}]}}