{"id":103026,"date":"2025-10-09T04:31:13","date_gmt":"2025-10-09T04:31:13","guid":{"rendered":"https:\/\/www.europesays.com\/pt\/103026\/"},"modified":"2025-10-09T04:31:13","modified_gmt":"2025-10-09T04:31:13","slug":"ze-reage-a-insinuacao-de-traicao-feita-por-liliana-sempre-achei-que-ela-dois-as-10","status":"publish","type":"post","link":"https:\/\/www.europesays.com\/pt\/103026\/","title":{"rendered":"Z\u00e9 reage \u00e0 insinua\u00e7\u00e3o de trai\u00e7\u00e3o feita por Liliana: \u00abSempre achei que ela&#8230;\u00bb &#8211; Dois \u00e0s 10"},"content":{"rendered":"<p>                        Durante uma conversa com F\u00e1bio no Secret Story 9, Liliana insinuou ter sido tra\u00edda por Z\u00e9, o agora ex-noivo. As declara\u00e7\u00f5es geraram rea\u00e7\u00e3o imediata do jovem, que recorreu \u00e0 rede social X para expressar o seu desagrado: \u201cEla est\u00e1 a mostrar-me que \u00e9 capaz de tudo.\u201d<\/p>\n<p data-end=\"282\" data-start=\"0\">Na tarde desta ter\u00e7a-feira, 7 de outubro, no Secret Story 9, <strong data-end=\"74\" data-start=\"63\">Liliana<\/strong> sugeriu, durante uma conversa com <strong data-end=\"118\" data-start=\"109\">F\u00e1bio<\/strong>, que j\u00e1 teria sido tra\u00edda pelo agora ex-noivo, <strong data-end=\"172\" data-start=\"166\">Z\u00e9<\/strong>. As insinua\u00e7\u00f5es deixaram o jovem indignado, levando-o a reagir publicamente e a demonstrar o seu desagrado.<\/p>\n<p data-end=\"498\" data-start=\"284\">Sem rodeios, <strong data-end=\"303\" data-start=\"297\">Z\u00e9<\/strong> recorreu \u00e0 rede social <strong data-end=\"332\" data-start=\"327\">X<\/strong> (antigo Twitter) para responder \u00e0s acusa\u00e7\u00f5es de Liliana. \u00ab<strong>Eu prometo que me vou manter de boca fechada at\u00e9 ao dia em que n\u00e3o conseguir mais\u00bb<\/strong>, come\u00e7ou por escrever.<\/p>\n<p data-end=\"729\" data-start=\"500\">O ex-concorrente acrescentou ainda: <strong>\u00abSempre achei que, para al\u00e9m de tudo o que se passou nas \u00faltimas semanas, ela n\u00e3o fosse capaz de entrar por este caminho para se limpar. Mas, de facto, est\u00e1 a mostrar-me que \u00e9 capaz de tudo.\u00bb<\/strong><\/p>\n<p><strong>Veja aqui a publica\u00e7\u00e3o:\u00a0<\/strong><\/p>\n<blockquote class=\"twitter-tweet\">\n<p lang=\"pt\">Eu prometo que me vou manter de boca fechada at\u00e9 ao dia em que n\u00e3o conseguir mais. Sempre achei que, para al\u00e9m de tudo o que se passou nas \u00faltimas semanas, ela n\u00e3o fosse capaz de entrar por este caminho para se limpar. Mas de facto, est\u00e1 a mostrar-me que \u00e9 capaz de tudo. <a href=\"https:\/\/t.co\/zb1FxHgFJv\" rel=\"nofollow\">https:\/\/t.co\/zb1FxHgFJv<\/a><\/p>\n<p> \u2014 Z\u00e9 (@esojandrade17) <a href=\"https:\/\/twitter.com\/esojandrade17\/status\/1975709223012212935?ref_src=twsrc%5Etfw\" rel=\"nofollow noopener\" target=\"_blank\">October 7, 2025<\/a>\n<\/p><\/blockquote>\n<p data-end=\"1094\" data-is-last-node=\"\" data-is-only-node=\"\" data-start=\"731\">As declara\u00e7\u00f5es de Liliana surgiram durante um desabafo com <strong data-end=\"799\" data-start=\"790\">F\u00e1bio<\/strong> sobre o fim da rela\u00e7\u00e3o com Z\u00e9. A concorrente afirmou que \u00abest\u00e1 mais preocupada com a fam\u00edlia\u00bb do ex-noivo e aproveitou para deixar algumas cr\u00edticas. Nesse contexto, acabou por insinuar uma trai\u00e7\u00e3o: \u00abTenho dificuldade em confiar, com ele foi o que foi, coisas aconteceram e eu voltei a confiar.\u00bb<\/p>\n<p>                    <script async src=\"https:\/\/platform.twitter.com\/widgets.js\" charset=\"utf-8\"><\/script><\/p>\n","protected":false},"excerpt":{"rendered":"Durante uma conversa com F\u00e1bio no Secret Story 9, Liliana insinuou ter sido tra\u00edda por Z\u00e9, o agora&hellip;\n","protected":false},"author":2,"featured_media":97396,"comment_status":"","ping_status":"","sticky":false,"template":"","format":"standard","meta":{"footnotes":""},"categories":[142],"tags":[329,166,3412,3406,3409,801,3410,3411,3407,3408,114,115,19016,3413,338,32,33,1315,151,975],"class_list":{"0":"post-103026","1":"post","2":"type-post","3":"status-publish","4":"format-standard","5":"has-post-thumbnail","7":"category-tv","8":"tag-claudio-ramos","9":"tag-cristina-ferreira","10":"tag-dois-10","11":"tag-dois-a-s-10-dois-a-s-10","12":"tag-dois-a-s-dez","13":"tag-dois-as-10","14":"tag-dois-as-dez","15":"tag-dois-dez","16":"tag-doisas10","17":"tag-doisasdez","18":"tag-entertainment","19":"tag-entretenimento","20":"tag-liliana","21":"tag-manha-tvi","22":"tag-maria-botelho-moniz","23":"tag-portugal","24":"tag-pt","25":"tag-secret-story","26":"tag-tv","27":"tag-ze"},"share_on_mastodon":{"url":"","error":""},"_links":{"self":[{"href":"https:\/\/www.europesays.com\/pt\/wp-json\/wp\/v2\/posts\/103026","targetHints":{"allow":["GET"]}}],"collection":[{"href":"https:\/\/www.europesays.com\/pt\/wp-json\/wp\/v2\/posts"}],"about":[{"href":"https:\/\/www.europesays.com\/pt\/wp-json\/wp\/v2\/types\/post"}],"author":[{"embeddable":true,"href":"https:\/\/www.europesays.com\/pt\/wp-json\/wp\/v2\/users\/2"}],"replies":[{"embeddable":true,"href":"https:\/\/www.europesays.com\/pt\/wp-json\/wp\/v2\/comments?post=103026"}],"version-history":[{"count":0,"href":"https:\/\/www.europesays.com\/pt\/wp-json\/wp\/v2\/posts\/103026\/revisions"}],"wp:featuredmedia":[{"embeddable":true,"href":"https:\/\/www.europesays.com\/pt\/wp-json\/wp\/v2\/media\/97396"}],"wp:attachment":[{"href":"https:\/\/www.europesays.com\/pt\/wp-json\/wp\/v2\/media?parent=103026"}],"wp:term":[{"taxonomy":"category","embeddable":true,"href":"https:\/\/www.europesays.com\/pt\/wp-json\/wp\/v2\/categories?post=103026"},{"taxonomy":"post_tag","embeddable":true,"href":"https:\/\/www.europesays.com\/pt\/wp-json\/wp\/v2\/tags?post=103026"}],"curies":[{"name":"wp","href":"https:\/\/api.w.org\/{rel}","templated":true}]}}