{"id":103029,"date":"2025-10-09T04:35:55","date_gmt":"2025-10-09T04:35:55","guid":{"rendered":"https:\/\/www.europesays.com\/pt\/103029\/"},"modified":"2025-10-09T04:35:55","modified_gmt":"2025-10-09T04:35:55","slug":"prefeitura-de-taubate-realiza-vacinacao-antirrabica-de-caes-e-gatos-na-praca-santa-terezinha","status":"publish","type":"post","link":"https:\/\/www.europesays.com\/pt\/103029\/","title":{"rendered":"Prefeitura de Taubat\u00e9 realiza vacina\u00e7\u00e3o antirr\u00e1bica de c\u00e3es e gatos na Pra\u00e7a Santa Terezinha"},"content":{"rendered":"<p>                            Taubat\u00e9 inicia Campanha Nacional de Multivacina\u00e7\u00e3o em toda cidade e ter\u00e1 Dia D em 18\/10<\/p>\n<p class=\"descricao\" data-reticencias=\"44 [...]\">&#13;<br \/>\n                                    A Prefeitura de Taubat\u00e9, por meio da Secretaria de Sa\u00fade, aderiu \u00e0 Campanha Nacional de Multivacina\u00e7\u00e3o, promovida pelo Minist\u00e9rio da Sa\u00fade, com o objetivo de atualizar a caderneta de vacina\u00e7\u00e3o de crian\u00e7as, adolescentes, adultos e idosos, conforme o Calend\u00e1rio Nacional de Vacina\u00e7\u00e3o.&#13;<br \/>\n&#13;\n                                <\/p>\n","protected":false},"excerpt":{"rendered":"Taubat\u00e9 inicia Campanha Nacional de Multivacina\u00e7\u00e3o em toda cidade e ter\u00e1 Dia D em 18\/10 &#13; A Prefeitura&hellip;\n","protected":false},"author":2,"featured_media":103030,"comment_status":"","ping_status":"","sticky":false,"template":"","format":"standard","meta":{"footnotes":""},"categories":[86],"tags":[24961,24965,24976,24970,24972,24974,24964,24969,24960,116,24966,24973,24968,24971,24975,24967,32,24958,33,24963,117,24962,24959],"class_list":{"0":"post-103029","1":"post","2":"type-post","3":"status-publish","4":"format-standard","5":"has-post-thumbnail","7":"category-saude","8":"tag-administrao-pblica","9":"tag-assistncia-social-taubat","10":"tag-cidade-de-taubat","11":"tag-cultura-em-taubat","12":"tag-desenvolvimento-urbano-taubat","13":"tag-dirio-oficial-taubat","14":"tag-educao-taubat","15":"tag-eventos-taubat","16":"tag-governo-municipal","17":"tag-health","18":"tag-iptu-taubat","19":"tag-meio-ambiente-taubat","20":"tag-notcias-taubat","21":"tag-obras-e-infraestrutura","22":"tag-ouvidoria-municipal","23":"tag-portal-da-transparncia","24":"tag-portugal","25":"tag-prefeitura-de-taubat","26":"tag-pt","27":"tag-sade-taubat","28":"tag-saude","29":"tag-servios-pblicos-taubat","30":"tag-taubat-sp"},"share_on_mastodon":{"url":"","error":""},"_links":{"self":[{"href":"https:\/\/www.europesays.com\/pt\/wp-json\/wp\/v2\/posts\/103029","targetHints":{"allow":["GET"]}}],"collection":[{"href":"https:\/\/www.europesays.com\/pt\/wp-json\/wp\/v2\/posts"}],"about":[{"href":"https:\/\/www.europesays.com\/pt\/wp-json\/wp\/v2\/types\/post"}],"author":[{"embeddable":true,"href":"https:\/\/www.europesays.com\/pt\/wp-json\/wp\/v2\/users\/2"}],"replies":[{"embeddable":true,"href":"https:\/\/www.europesays.com\/pt\/wp-json\/wp\/v2\/comments?post=103029"}],"version-history":[{"count":0,"href":"https:\/\/www.europesays.com\/pt\/wp-json\/wp\/v2\/posts\/103029\/revisions"}],"wp:featuredmedia":[{"embeddable":true,"href":"https:\/\/www.europesays.com\/pt\/wp-json\/wp\/v2\/media\/103030"}],"wp:attachment":[{"href":"https:\/\/www.europesays.com\/pt\/wp-json\/wp\/v2\/media?parent=103029"}],"wp:term":[{"taxonomy":"category","embeddable":true,"href":"https:\/\/www.europesays.com\/pt\/wp-json\/wp\/v2\/categories?post=103029"},{"taxonomy":"post_tag","embeddable":true,"href":"https:\/\/www.europesays.com\/pt\/wp-json\/wp\/v2\/tags?post=103029"}],"curies":[{"name":"wp","href":"https:\/\/api.w.org\/{rel}","templated":true}]}}