{"id":103033,"date":"2025-10-09T04:45:43","date_gmt":"2025-10-09T04:45:43","guid":{"rendered":"https:\/\/www.europesays.com\/pt\/103033\/"},"modified":"2025-10-09T04:45:43","modified_gmt":"2025-10-09T04:45:43","slug":"como-e-a-casa-de-bella-campos-a-maria-de-fatima-de-vale-tudo-e-por-que-virou-polemica","status":"publish","type":"post","link":"https:\/\/www.europesays.com\/pt\/103033\/","title":{"rendered":"Como \u00e9 a casa de Bella Campos, a Maria de F\u00e1tima de Vale Tudo, e por que virou pol\u00eamica"},"content":{"rendered":"<p>                        <img width=\"944\" height=\"531\" src=\"https:\/\/www.europesays.com\/pt\/wp-content\/uploads\/2025\/10\/casa-de-bella-campos-maria-de-fatima-vale-tudo-15-944x531.jpg\" class=\"attachment-custom-large size-custom-large article-featured-image\" alt=\"casa de bella campos maria de fatima vale tudo (15)\" fetchpriority=\"high\" decoding=\"async\"  \/><\/p>\n<p>Bella Campos mora no Rio de Janeiro e est\u00e1 transformando o apartamento (Fotos: Reprodu\u00e7\u00e3o, YouTube e Divulga\u00e7\u00e3o, Globo)<\/p>\n<p>Em Vale Tudo, Maria de F\u00e1tima (Bella Campos) perdeu o apartamento que ganharia de Odete Roitman (Debora Bloch). Ela estava chantageando a ex-sogra, depois que descobriu que ela escondia o grande segredo que Leonardo (Guilherme Magon) estava vivo. Com a morte de Odete, F\u00e1tima ser\u00e1 despejada.<\/p>\n<p>Continua depois da publicidade<\/p>\n<p>Na vida real, o apartamento de Bella Campos virou motivo de pol\u00eamica, com os seguidores criticando e achando que ela tem uma casa \u201cmuito simples\u201d. Bella respondeu que ser dona de um apartamento na zona sul do Rio de Janeiro j\u00e1 \u00e9 uma grande conquista.<\/p>\n<p>Veja como \u00e9 o apartamento de Bella Campos, a Maria de F\u00e1tima de Vale Tudo, que est\u00e1 sendo redecorado1<\/p>\n<p>VoltarAvan\u00e7ar<\/p>\n<p><img loading=\"lazy\" decoding=\"async\" width=\"1200\" height=\"675\" data-id=\"7644407\" src=\"https:\/\/www.europesays.com\/pt\/wp-content\/uploads\/2025\/10\/casa-de-bella-campos-maria-de-fatima-vale-tudo.jpg\" alt=\"casa de bella campos maria de fatima vale tudo\" class=\"wp-image-7644407\"  \/><\/p>\n<p>Hall de entrada do apartamento de Bella Campos (Foto: Reprodu\u00e7\u00e3o, YouTube)<\/p>\n<p><img loading=\"lazy\" decoding=\"async\" width=\"1200\" height=\"675\" data-id=\"7644405\" src=\"https:\/\/www.europesays.com\/pt\/wp-content\/uploads\/2025\/10\/casa-de-bella-campos-maria-de-fatima-vale-tudo-14.jpg\" alt=\"\" class=\"wp-image-7644405\"  \/><\/p>\n<p>Quarto da atriz (Foto: Reprodu\u00e7\u00e3o, YouTube)<\/p>\n<p><img loading=\"lazy\" decoding=\"async\" width=\"1200\" height=\"675\" data-id=\"7644404\" src=\"https:\/\/www.europesays.com\/pt\/wp-content\/uploads\/2025\/10\/casa-de-bella-campos-maria-de-fatima-vale-tudo-13.jpg\" alt=\"casa de bella campos maria de fatima vale tudo\" class=\"wp-image-7644404\"  \/><\/p>\n<p>Ela falando sobre as mudan\u00e7as que quer na casa (Foto: Reprodu\u00e7\u00e3o, YouTube)<\/p>\n<p><img loading=\"lazy\" decoding=\"async\" width=\"1200\" height=\"675\" data-id=\"7644403\" src=\"https:\/\/www.europesays.com\/pt\/wp-content\/uploads\/2025\/10\/casa-de-bella-campos-maria-de-fatima-vale-tudo-12.jpg\" alt=\"\" class=\"wp-image-7644403\"  \/><\/p>\n<p>A cozinha de Bella Campos (Foto: Reprodu\u00e7\u00e3o, YouTube)<\/p>\n<p><img loading=\"lazy\" decoding=\"async\" width=\"1200\" height=\"675\" data-id=\"7644402\" src=\"https:\/\/www.europesays.com\/pt\/wp-content\/uploads\/2025\/10\/casa-de-bella-campos-maria-de-fatima-vale-tudo-11.jpg\" alt=\"casa de bella campos maria de fatima vale tudo\" class=\"wp-image-7644402\"  \/><\/p>\n<p>A Maria de F\u00e1tima de Vale Tudo n\u00e3o quer mais a cor rosa nas paredes (Foto: Reprodu\u00e7\u00e3o, YouTube)<\/p>\n<p><img loading=\"lazy\" decoding=\"async\" width=\"1200\" height=\"675\" data-id=\"7644400\" src=\"https:\/\/www.europesays.com\/pt\/wp-content\/uploads\/2025\/10\/casa-de-bella-campos-maria-de-fatima-vale-tudo-10.jpg\" alt=\"\" class=\"wp-image-7644400\"  \/><\/p>\n<p>Apartamento de Bella Campos fica na zona sul do Rio de Janeiro (Foto: Reprodu\u00e7\u00e3o, YouTube)<\/p>\n<p><img loading=\"lazy\" decoding=\"async\" width=\"1200\" height=\"675\" data-id=\"7644399\" src=\"https:\/\/www.europesays.com\/pt\/wp-content\/uploads\/2025\/10\/casa-de-bella-campos-maria-de-fatima-vale-tudo-9.jpg\" alt=\"casa de bella campos maria de fatima vale tudo\" class=\"wp-image-7644399\"  \/><\/p>\n<p>Local est\u00e1 passando por pequenas reformas (Foto: Reprodu\u00e7\u00e3o, YouTube)<\/p>\n<p><img loading=\"lazy\" decoding=\"async\" width=\"1200\" height=\"675\" data-id=\"7644393\" src=\"https:\/\/www.europesays.com\/pt\/wp-content\/uploads\/2025\/10\/casa-de-bella-campos-maria-de-fatima-vale-tudo-4.jpg\" alt=\"\" class=\"wp-image-7644393\"  \/><\/p>\n<p>Processo est\u00e1 sendo mostrado em canal do YouTube (Foto: Reprodu\u00e7\u00e3o, YouTube)<\/p>\n<p><img loading=\"lazy\" decoding=\"async\" width=\"1200\" height=\"675\" data-id=\"7644395\" src=\"https:\/\/www.europesays.com\/pt\/wp-content\/uploads\/2025\/10\/casa-de-bella-campos-maria-de-fatima-vale-tudo-5.jpg\" alt=\"casa de bella campos maria de fatima vale tudo\" class=\"wp-image-7644395\"  \/><\/p>\n<p>Atriz disse estar ansiosa para ver pronto (Foto: Reprodu\u00e7\u00e3o, YouTube)<\/p>\n<p><img loading=\"lazy\" decoding=\"async\" width=\"1200\" height=\"675\" data-id=\"7644396\" src=\"https:\/\/www.europesays.com\/pt\/wp-content\/uploads\/2025\/10\/casa-de-bella-campos-maria-de-fatima-vale-tudo-6.jpg\" alt=\"\" class=\"wp-image-7644396\"  \/><\/p>\n<p>Bella Campos disse que tinha v\u00e1rias coisas que queria mudar no apartamento (Foto: Reprodu\u00e7\u00e3o, YouTube)<\/p>\n<p><img loading=\"lazy\" decoding=\"async\" width=\"1200\" height=\"675\" data-id=\"7644397\" src=\"https:\/\/www.europesays.com\/pt\/wp-content\/uploads\/2025\/10\/casa-de-bella-campos-maria-de-fatima-vale-tudo-7.jpg\" alt=\"casa de bella campos maria de fatima vale tudo\" class=\"wp-image-7644397\"  \/><\/p>\n<p>Corredor do apartamento (Foto: Reprodu\u00e7\u00e3o, YouTube)<\/p>\n<p><img loading=\"lazy\" decoding=\"async\" width=\"1200\" height=\"675\" data-id=\"7644398\" src=\"https:\/\/www.europesays.com\/pt\/wp-content\/uploads\/2025\/10\/casa-de-bella-campos-maria-de-fatima-vale-tudo-8.jpg\" alt=\"\" class=\"wp-image-7644398\"  \/><\/p>\n<p>Ela pedindo as reformas do banheiro (Foto: Reprodu\u00e7\u00e3o, YouTube)<\/p>\n<p>Como ficou a casa de Bella Campos1<\/p>\n<p>VoltarAvan\u00e7ar<\/p>\n<p><img loading=\"lazy\" decoding=\"async\" width=\"1200\" height=\"675\" data-id=\"7666267\" src=\"https:\/\/www.europesays.com\/pt\/wp-content\/uploads\/2025\/10\/Como-ficou-a-casa-de-Bella-Campos-Maria-de-Fatima-de-Vale-Tudo-20.png\" alt=\"Como ficou a casa de Bella Campos Maria de F\u00e1tima de Vale Tudo \" class=\"wp-image-7666267\"  \/><\/p>\n<p>Quarto da atriz (Foto: Reprodu\u00e7\u00e3o, YouTube, Cafofo do Dani)<\/p>\n<p><img loading=\"lazy\" decoding=\"async\" width=\"1200\" height=\"675\" data-id=\"7666269\" src=\"https:\/\/www.europesays.com\/pt\/wp-content\/uploads\/2025\/10\/Como-ficou-a-casa-de-Bella-Campos-Maria-de-Fatima-de-Vale-Tudo-22.png\" alt=\"Como ficou a casa de Bella Campos Maria de F\u00e1tima de Vale Tudo \" class=\"wp-image-7666269\"  \/><\/p>\n<p>Detalhes do quarto (Foto: Reprodu\u00e7\u00e3o, YouTube, Cafofo do Dani)<\/p>\n<p><img loading=\"lazy\" decoding=\"async\" width=\"1200\" height=\"675\" data-id=\"7666271\" src=\"https:\/\/www.europesays.com\/pt\/wp-content\/uploads\/2025\/10\/Como-ficou-a-casa-de-Bella-Campos-Maria-de-Fatima-de-Vale-Tudo-2.png\" alt=\"Como ficou a casa de Bella Campos Maria de F\u00e1tima de Vale Tudo \" class=\"wp-image-7666271\"  \/><\/p>\n<p>Quadros da sala (Foto: Reprodu\u00e7\u00e3o, YouTube, Cafofo do Dani)<\/p>\n<p><img loading=\"lazy\" decoding=\"async\" width=\"1200\" height=\"675\" data-id=\"7666272\" src=\"https:\/\/www.europesays.com\/pt\/wp-content\/uploads\/2025\/10\/Como-ficou-a-casa-de-Bella-Campos-Maria-de-Fatima-de-Vale-Tudo-3.jpg\" alt=\"\" class=\"wp-image-7666272\"  \/><\/p>\n<p>Sala (Foto: Reprodu\u00e7\u00e3o, YouTube, Cafofo do Dani)<\/p>\n<p><img loading=\"lazy\" decoding=\"async\" width=\"1200\" height=\"675\" data-id=\"7666273\" src=\"https:\/\/www.europesays.com\/pt\/wp-content\/uploads\/2025\/10\/Como-ficou-a-casa-de-Bella-Campos-Maria-de-Fatima-de-Vale-Tudo-4.jpg\" alt=\"Como ficou a casa de Bella Campos Maria de F\u00e1tima de Vale Tudo \" class=\"wp-image-7666273\"  \/><\/p>\n<p>Nova decora\u00e7\u00e3o (Foto: Reprodu\u00e7\u00e3o, YouTube, Cafofo do Dani)<\/p>\n<p><img loading=\"lazy\" decoding=\"async\" width=\"1200\" height=\"675\" data-id=\"7666274\" src=\"https:\/\/www.europesays.com\/pt\/wp-content\/uploads\/2025\/10\/Como-ficou-a-casa-de-Bella-Campos-Maria-de-Fatima-de-Vale-Tudo-5.jpg\" alt=\"\" class=\"wp-image-7666274\"  \/><\/p>\n<p>(Foto: Reprodu\u00e7\u00e3o, YouTube, Cafofo do Dani)<\/p>\n<p><img loading=\"lazy\" decoding=\"async\" width=\"1200\" height=\"675\" data-id=\"7666275\" src=\"https:\/\/www.europesays.com\/pt\/wp-content\/uploads\/2025\/10\/Como-ficou-a-casa-de-Bella-Campos-Maria-de-Fatima-de-Vale-Tudo-6.png\" alt=\"Como ficou a casa de Bella Campos Maria de F\u00e1tima de Vale Tudo \" class=\"wp-image-7666275\"  \/><\/p>\n<p>Quarto de Bella Campos (Foto: Reprodu\u00e7\u00e3o, YouTube, Cafofo do Dani)<\/p>\n<p><img loading=\"lazy\" decoding=\"async\" width=\"1200\" height=\"675\" data-id=\"7666276\" src=\"https:\/\/www.europesays.com\/pt\/wp-content\/uploads\/2025\/10\/Como-ficou-a-casa-de-Bella-Campos-Maria-de-Fatima-de-Vale-Tudo-7.png\" alt=\"\" class=\"wp-image-7666276\"  \/><\/p>\n<p>Cantinho da sala (Foto: Reprodu\u00e7\u00e3o, YouTube, Cafofo do Dani)<\/p>\n<p><img loading=\"lazy\" decoding=\"async\" width=\"1200\" height=\"675\" data-id=\"7666277\" src=\"https:\/\/www.europesays.com\/pt\/wp-content\/uploads\/2025\/10\/Como-ficou-a-casa-de-Bella-Campos-Maria-de-Fatima-de-Vale-Tudo-8.jpg\" alt=\"Como ficou a casa de Bella Campos Maria de F\u00e1tima de Vale Tudo \" class=\"wp-image-7666277\"  \/><\/p>\n<p>Nova sala (Foto: Reprodu\u00e7\u00e3o, YouTube, Cafofo do Dani)<\/p>\n<p><img loading=\"lazy\" decoding=\"async\" width=\"1200\" height=\"675\" data-id=\"7666278\" src=\"https:\/\/www.europesays.com\/pt\/wp-content\/uploads\/2025\/10\/Como-ficou-a-casa-de-Bella-Campos-Maria-de-Fatima-de-Vale-Tudo-9.png\" alt=\"\" class=\"wp-image-7666278\"  \/><\/p>\n<p>Local recebeu v\u00e1rios novos objetos (Foto: Reprodu\u00e7\u00e3o, YouTube, Cafofo do Dani)<\/p>\n<p><img loading=\"lazy\" decoding=\"async\" width=\"1200\" height=\"675\" data-id=\"7666285\" src=\"https:\/\/www.europesays.com\/pt\/wp-content\/uploads\/2025\/10\/Como-ficou-a-casa-de-Bella-Campos-Maria-de-Fatima-de-Vale-Tudo.jpg\" alt=\"Como ficou a casa de Bella Campos Maria de F\u00e1tima de Vale Tudo \" class=\"wp-image-7666285\"  \/><\/p>\n<p>Decora\u00e7\u00e3o \u00e9 minimalista (Foto: Reprodu\u00e7\u00e3o, YouTube, Cafofo do Dani)<\/p>\n<p><img loading=\"lazy\" decoding=\"async\" width=\"1200\" height=\"675\" data-id=\"7666279\" src=\"https:\/\/www.europesays.com\/pt\/wp-content\/uploads\/2025\/10\/Como-ficou-a-casa-de-Bella-Campos-Maria-de-Fatima-de-Vale-Tudo-10.png\" alt=\"Como ficou a casa de Bella Campos Maria de F\u00e1tima de Vale Tudo \" class=\"wp-image-7666279\"  \/><\/p>\n<p>Sala do apartamento (Foto: Reprodu\u00e7\u00e3o, YouTube, Cafofo do Dani)<\/p>\n<p><img loading=\"lazy\" decoding=\"async\" width=\"1200\" height=\"675\" data-id=\"7666270\" src=\"https:\/\/www.europesays.com\/pt\/wp-content\/uploads\/2025\/10\/Como-ficou-a-casa-de-Bella-Campos-Maria-de-Fatima-de-Vale-Tudo-23.jpg\" alt=\"\" class=\"wp-image-7666270\"  \/><\/p>\n<p>Bella Campos amou seu novo banheiro (Foto: Reprodu\u00e7\u00e3o, YouTube, Cafofo do Dani)<\/p>\n<p><img loading=\"lazy\" decoding=\"async\" width=\"1200\" height=\"675\" data-id=\"7666266\" src=\"https:\/\/www.europesays.com\/pt\/wp-content\/uploads\/2025\/10\/Como-ficou-a-casa-de-Bella-Campos-Maria-de-Fatima-de-Vale-Tudo-19.png\" alt=\"\" class=\"wp-image-7666266\"  \/><\/p>\n<p>A cozinha tamb\u00e9m foi redecorada (Foto: Reprodu\u00e7\u00e3o, YouTube, Cafofo do Dani)<\/p>\n<p><img loading=\"lazy\" decoding=\"async\" width=\"1200\" height=\"675\" data-id=\"7666264\" src=\"https:\/\/www.europesays.com\/pt\/wp-content\/uploads\/2025\/10\/Como-ficou-a-casa-de-Bella-Campos-Maria-de-Fatima-de-Vale-Tudo-17.png\" alt=\"\" class=\"wp-image-7666264\"  \/><\/p>\n<p>Objetos decorativos (Foto: Reprodu\u00e7\u00e3o, YouTube, Cafofo do Dani)<\/p>\n<p><img loading=\"lazy\" decoding=\"async\" width=\"1200\" height=\"675\" data-id=\"7666265\" src=\"https:\/\/www.europesays.com\/pt\/wp-content\/uploads\/2025\/10\/Como-ficou-a-casa-de-Bella-Campos-Maria-de-Fatima-de-Vale-Tudo-18.jpg\" alt=\"Como ficou a casa de Bella Campos Maria de F\u00e1tima de Vale Tudo \" class=\"wp-image-7666265\"  \/><\/p>\n<p>Bancada da cozinha (Foto: Reprodu\u00e7\u00e3o, YouTube, Cafofo do Dani)<\/p>\n<p><img loading=\"lazy\" decoding=\"async\" width=\"1200\" height=\"675\" data-id=\"7666263\" src=\"https:\/\/www.europesays.com\/pt\/wp-content\/uploads\/2025\/10\/Como-ficou-a-casa-de-Bella-Campos-Maria-de-Fatima-de-Vale-Tudo-16.png\" alt=\"Como ficou a casa de Bella Campos Maria de F\u00e1tima de Vale Tudo \" class=\"wp-image-7666263\"  \/><\/p>\n<p>Esse rel\u00f3gio \u00e9 um dos objetos que Bella n\u00e3o quis se desfazer (Foto: Reprodu\u00e7\u00e3o, YouTube, Cafofo do Dani)<\/p>\n<p><img loading=\"lazy\" decoding=\"async\" width=\"1200\" height=\"675\" data-id=\"7666280\" src=\"https:\/\/www.europesays.com\/pt\/wp-content\/uploads\/2025\/10\/Como-ficou-a-casa-de-Bella-Campos-Maria-de-Fatima-de-Vale-Tudo-11.jpg\" alt=\"\" class=\"wp-image-7666280\"  \/><\/p>\n<p>Mesa para refei\u00e7\u00f5es (Foto: Reprodu\u00e7\u00e3o, YouTube, Cafofo do Dani)<\/p>\n<p><img loading=\"lazy\" decoding=\"async\" width=\"1200\" height=\"675\" data-id=\"7666281\" src=\"https:\/\/www.europesays.com\/pt\/wp-content\/uploads\/2025\/10\/Como-ficou-a-casa-de-Bella-Campos-Maria-de-Fatima-de-Vale-Tudo-12.jpg\" alt=\"Como ficou a casa de Bella Campos Maria de F\u00e1tima de Vale Tudo \" class=\"wp-image-7666281\"  \/><\/p>\n<p>Cores da parede (Foto: Reprodu\u00e7\u00e3o, YouTube, Cafofo do Dani)<\/p>\n<p><img loading=\"lazy\" decoding=\"async\" width=\"1200\" height=\"675\" data-id=\"7666282\" src=\"https:\/\/www.europesays.com\/pt\/wp-content\/uploads\/2025\/10\/Como-ficou-a-casa-de-Bella-Campos-Maria-de-Fatima-de-Vale-Tudo-13.jpg\" alt=\"\" class=\"wp-image-7666282\"  \/><\/p>\n<p>Cozinha (Foto: Reprodu\u00e7\u00e3o, YouTube, Cafofo do Dani)<\/p>\n<p><img loading=\"lazy\" decoding=\"async\" width=\"1200\" height=\"675\" data-id=\"7666283\" src=\"https:\/\/www.europesays.com\/pt\/wp-content\/uploads\/2025\/10\/Como-ficou-a-casa-de-Bella-Campos-Maria-de-Fatima-de-Vale-Tudo-14.jpg\" alt=\"Como ficou a casa de Bella Campos Maria de F\u00e1tima de Vale Tudo \" class=\"wp-image-7666283\"  \/><\/p>\n<p>Espa\u00e7o ficou mais aconchegante (Foto: Reprodu\u00e7\u00e3o, YouTube, Cafofo do Dani)<\/p>\n<p><img loading=\"lazy\" decoding=\"async\" width=\"1200\" height=\"675\" data-id=\"7666284\" src=\"https:\/\/www.europesays.com\/pt\/wp-content\/uploads\/2025\/10\/Como-ficou-a-casa-de-Bella-Campos-Maria-de-Fatima-de-Vale-Tudo-15.png\" alt=\"\" class=\"wp-image-7666284\"  \/><\/p>\n<p>Detalhes da cozinha (Foto: Reprodu\u00e7\u00e3o, YouTube, Cafofo do Dani)<\/p>\n<p>Na vida real, Bella Campos est\u00e1 fazendo uma reforma em seu apartamento, que fica na Zona Sul do Rio de Janeiro. Ela abriu as portas de seu apartamento para uma transforma\u00e7\u00e3o completa de design de interiores.<\/p>\n<p>Continua depois da publicidade<\/p>\n<p>O projeto, liderado por Dani do \u201cCafofo do Dani\u201d, promete um espa\u00e7o repleto de arte, funcionalidade e muita personalidade. Com a colabora\u00e7\u00e3o da organizadora Cora e uma equipe dedicada, a reforma vai al\u00e9m da est\u00e9tica, buscando refletir o atual momento de vida de Bella.<\/p>\n<p>A equipe ter\u00e1 dois dias para organizar, pintar e redecorar cada canto do im\u00f3vel. Desde o hall de entrada, que ganhar\u00e1 uma \u201ccara nova\u201d, at\u00e9 o quarto principal. A transforma\u00e7\u00e3o poder\u00e1 ser acompanhada em v\u00eddeos no canal de YouTube do decorador.<\/p>\n<p>No come\u00e7o de setembro, o <strong>NSC Total<\/strong> <strong><a href=\"https:\/\/www.nsctotal.com.br\/noticias\/como-e-a-casa-de-bella-campos-a-maria-de-fatima-de-vale-tudo\" target=\"_blank\" rel=\"noreferrer noopener nofollow\">mostrou que a casa<\/a><\/strong> de Bella Campos estava passando por uma reforma. O apartamento de atriz, que fica na Zona Sul do Rio de Janeiro, estava sendo redecorado e todo processo documentado no canal do decorador Daniel Virgnio.<\/p>\n<p>Continua depois da publicidade<\/p>\n<p>Depois de tr\u00eas epis\u00f3dios, mostrando tudo que foi mudado no apartamento da atriz, o \u00faltimo epis\u00f3dio foi lan\u00e7ado nesta sexta-feira (26) no canal, mostrando o resultado da reforma.<\/p>\n<p>O foco principal foi a transforma\u00e7\u00e3o e a decora\u00e7\u00e3o minimalista e acolhedora que foi feita no apartamento de Bella. Sala, a cozinha, quarto e banheiro, tudo passou por mudan\u00e7as, com \u00eanfase nas escolhas de cores, m\u00f3veis e objetos de arte que refletem a personalidade da moradora.<\/p>\n<p><strong><a href=\"https:\/\/www.nsctotal.com.br\/noticias\/compare-o-elenco-completo-de-vale-tudo-com-a-versao-original-de-1988\" target=\"_blank\" rel=\"noreferrer noopener nofollow\">Compare o elenco completo de Vale Tudo com a vers\u00e3o original de 1988<\/a><\/strong><\/p>\n","protected":false},"excerpt":{"rendered":"Bella Campos mora no Rio de Janeiro e est\u00e1 transformando o apartamento (Fotos: Reprodu\u00e7\u00e3o, YouTube e Divulga\u00e7\u00e3o, Globo)&hellip;\n","protected":false},"author":2,"featured_media":103034,"comment_status":"","ping_status":"","sticky":false,"template":"","format":"standard","meta":{"footnotes":""},"categories":[142],"tags":[114,115,32,33,151,543],"class_list":{"0":"post-103033","1":"post","2":"type-post","3":"status-publish","4":"format-standard","5":"has-post-thumbnail","7":"category-tv","8":"tag-entertainment","9":"tag-entretenimento","10":"tag-portugal","11":"tag-pt","12":"tag-tv","13":"tag-ver-ouvir-ler"},"share_on_mastodon":{"url":"","error":""},"_links":{"self":[{"href":"https:\/\/www.europesays.com\/pt\/wp-json\/wp\/v2\/posts\/103033","targetHints":{"allow":["GET"]}}],"collection":[{"href":"https:\/\/www.europesays.com\/pt\/wp-json\/wp\/v2\/posts"}],"about":[{"href":"https:\/\/www.europesays.com\/pt\/wp-json\/wp\/v2\/types\/post"}],"author":[{"embeddable":true,"href":"https:\/\/www.europesays.com\/pt\/wp-json\/wp\/v2\/users\/2"}],"replies":[{"embeddable":true,"href":"https:\/\/www.europesays.com\/pt\/wp-json\/wp\/v2\/comments?post=103033"}],"version-history":[{"count":0,"href":"https:\/\/www.europesays.com\/pt\/wp-json\/wp\/v2\/posts\/103033\/revisions"}],"wp:featuredmedia":[{"embeddable":true,"href":"https:\/\/www.europesays.com\/pt\/wp-json\/wp\/v2\/media\/103034"}],"wp:attachment":[{"href":"https:\/\/www.europesays.com\/pt\/wp-json\/wp\/v2\/media?parent=103033"}],"wp:term":[{"taxonomy":"category","embeddable":true,"href":"https:\/\/www.europesays.com\/pt\/wp-json\/wp\/v2\/categories?post=103033"},{"taxonomy":"post_tag","embeddable":true,"href":"https:\/\/www.europesays.com\/pt\/wp-json\/wp\/v2\/tags?post=103033"}],"curies":[{"name":"wp","href":"https:\/\/api.w.org\/{rel}","templated":true}]}}