{"id":103039,"date":"2025-10-09T04:49:18","date_gmt":"2025-10-09T04:49:18","guid":{"rendered":"https:\/\/www.europesays.com\/pt\/103039\/"},"modified":"2025-10-09T04:49:18","modified_gmt":"2025-10-09T04:49:18","slug":"estado-de-sao-paulo-registra-mais-de-844-mil-casos-de-dengue-em-2025-aponta-alerta-da-sala-de-situacao-estadual-cosems-sp","status":"publish","type":"post","link":"https:\/\/www.europesays.com\/pt\/103039\/","title":{"rendered":"Estado de S\u00e3o Paulo registra mais de 844 mil casos de Dengue em 2025, aponta Alerta da Sala de Situa\u00e7\u00e3o Estadual &#8211; COSEMS\/SP"},"content":{"rendered":"<p>                                                        <img decoding=\"async\" class=\"mb--40 w-100\" src=\"https:\/\/www.europesays.com\/pt\/wp-content\/uploads\/2025\/10\/iStock-813975376.jpg\" alt=\"Estado de S\u00e3o Paulo registra mais de 844 mil casos de Dengue em 2025, aponta Alerta da Sala de Situa\u00e7\u00e3o Estadual\"\/><\/p>\n<p>A Sala de Situa\u00e7\u00e3o Estadual de Enfrentamento \u00e0s Arboviroses divulgou, na semana passada, o Alerta n\u00ba 01\/2025 (acesse aqui), com dados sobre a situa\u00e7\u00e3o epidemiol\u00f3gica das arboviroses urbanas, Dengue, Chikungunya e Zika, no Estado de S\u00e3o Paulo. O boletim re\u00fane informa\u00e7\u00f5es referentes \u00e0s semanas epidemiol\u00f3gicas de 01 a 37 de 2025, revelando um cen\u00e1rio preocupante, especialmente em rela\u00e7\u00e3o \u00e0 Dengue.<\/p>\n<p>De acordo com o relat\u00f3rio, o Estado contabilizou 844.175 casos confirmados de Dengue em 2025, al\u00e9m de 1.082 \u00f3bitos provocados pela doen\u00e7a. Foram ainda registrados 6.984 casos de Chikungunya e 3 casos de Zika, n\u00fameros que refor\u00e7am a necessidade de vigil\u00e2ncia cont\u00ednua, mesmo em per\u00edodos do ano que tradicionalmente apresentam menor incid\u00eancia.<\/p>\n<p>\u201cEsse quadro indica a necessidade dos munic\u00edpios manterem a intensifica\u00e7\u00e3o das estrat\u00e9gias de controle do Aedes Aegypti, mosquito transmissor dessas arboviroses, principalmente nas regi\u00f5es que demonstraram perman\u00eancia da transmiss\u00e3o de Dengue e Chikungunya pelo vetor, apesar de se estar no per\u00edodo ano, que em geral, costuma apresentar menores taxas de ocorr\u00eancia das tr\u00eas arboviroses\u201d, afirma L\u00eddia Tobias, assessora t\u00e9cnica do COSEMS\/SP.<\/p>\n<p><strong>Dengue: aumento em v\u00e1rias regi\u00f5es do Estado<br \/><\/strong>Embora os dados indiquem uma ampla dissemina\u00e7\u00e3o da Dengue em todo o territ\u00f3rio paulista, a distribui\u00e7\u00e3o dos casos n\u00e3o ocorre de forma homog\u00eanea. No segundo semestre de 2025, foi observado aumento da incid\u00eancia em diversas Regi\u00f5es de Sa\u00fade, com destaque para Alta Sorocabana, S\u00e3o Jos\u00e9 do Rio Preto, Cons\u00f3rcios do DRS II, Votuporanga, Bauru, Litoral Norte, Norte de Barretos e Extremo Oeste Paulista.<\/p>\n<p>Outras regi\u00f5es, como Assis, Cora\u00e7\u00e3o do DRS III, Tr\u00eas Colinas, Adamantina e Pontal do Paranapanema, tamb\u00e9m registraram eleva\u00e7\u00e3o no coeficiente de incid\u00eancia, demonstrando a necessidade de refor\u00e7o nas a\u00e7\u00f5es de vigil\u00e2ncia, preven\u00e7\u00e3o e controle do vetor Aedes aegypti.<\/p>\n<p>A Sala de Situa\u00e7\u00e3o alerta que a persist\u00eancia da transmiss\u00e3o mesmo fora do per\u00edodo de maior sazonalidade, que costuma ocorrer nos primeiros meses do ano, \u00e9 um indicativo de que o v\u00edrus mant\u00e9m circula\u00e7\u00e3o ativa em diversas localidades.<\/p>\n<p><strong>Chikungunya: Tup\u00e3 lidera incid\u00eancia no Estado<br \/><\/strong>No caso da Chikungunya, o boletim aponta que a Regi\u00e3o de Tup\u00e3 apresentou o maior coeficiente de incid\u00eancia no Estado de S\u00e3o Paulo. Tamb\u00e9m foram observados aumentos expressivos nas Regi\u00f5es de Sa\u00fade Cons\u00f3rcio do DRS II, Litoral Norte, Baixada Santista, Central do DRS II e Pontal do Paranapanema.<\/p>\n<p>Apesar do n\u00famero de casos ser menor que o da Dengue, o alerta destaca que a manuten\u00e7\u00e3o da circula\u00e7\u00e3o viral da Chikungunya representa um desafio adicional para os servi\u00e7os de sa\u00fade, especialmente em \u00e1reas que historicamente apresentavam baixa incid\u00eancia.<\/p>\n<p><strong>Zika: casos isolados, mas sob monitoramento<br \/><\/strong>Em rela\u00e7\u00e3o ao v\u00edrus Zika, o Estado registrou tr\u00eas casos confirmados at\u00e9 a 37\u00aa semana epidemiol\u00f3gica de 2025. Embora o n\u00famero seja reduzido, as autoridades de sa\u00fade refor\u00e7am a import\u00e2ncia do monitoramento constante, considerando o potencial de reemerg\u00eancia da doen\u00e7a e seus riscos associados, sobretudo para gestantes.<\/p>\n<p>O Alerta n\u00ba 01\/2025 refor\u00e7a que os munic\u00edpios paulistas devem manter e intensificar as a\u00e7\u00f5es de combate ao Aedes aegypti, transmissor comum das tr\u00eas doen\u00e7as, com \u00eanfase em elimina\u00e7\u00e3o de criadouros, vigil\u00e2ncia entomol\u00f3gica, campanhas educativas e mobiliza\u00e7\u00e3o comunit\u00e1ria.<\/p>\n<p>Mesmo em meses tradicionalmente mais secos, quando h\u00e1 tend\u00eancia de redu\u00e7\u00e3o dos casos, a perman\u00eancia de transmiss\u00e3o ativa em v\u00e1rias regi\u00f5es indica que o combate ao mosquito precisa ser cont\u00ednuo e integrado entre os n\u00edveis municipal, regional e estadual.<\/p>\n","protected":false},"excerpt":{"rendered":"A Sala de Situa\u00e7\u00e3o Estadual de Enfrentamento \u00e0s Arboviroses divulgou, na semana passada, o Alerta n\u00ba 01\/2025 (acesse&hellip;\n","protected":false},"author":2,"featured_media":103040,"comment_status":"","ping_status":"","sticky":false,"template":"","format":"standard","meta":{"footnotes":""},"categories":[86],"tags":[24977,1891,23283,116,32,33,117,4483],"class_list":{"0":"post-103039","1":"post","2":"type-post","3":"status-publish","4":"format-standard","5":"has-post-thumbnail","7":"category-saude","8":"tag-cosemssp","9":"tag-dengue","10":"tag-epidemiologica","11":"tag-health","12":"tag-portugal","13":"tag-pt","14":"tag-saude","15":"tag-sus"},"share_on_mastodon":{"url":"","error":""},"_links":{"self":[{"href":"https:\/\/www.europesays.com\/pt\/wp-json\/wp\/v2\/posts\/103039","targetHints":{"allow":["GET"]}}],"collection":[{"href":"https:\/\/www.europesays.com\/pt\/wp-json\/wp\/v2\/posts"}],"about":[{"href":"https:\/\/www.europesays.com\/pt\/wp-json\/wp\/v2\/types\/post"}],"author":[{"embeddable":true,"href":"https:\/\/www.europesays.com\/pt\/wp-json\/wp\/v2\/users\/2"}],"replies":[{"embeddable":true,"href":"https:\/\/www.europesays.com\/pt\/wp-json\/wp\/v2\/comments?post=103039"}],"version-history":[{"count":0,"href":"https:\/\/www.europesays.com\/pt\/wp-json\/wp\/v2\/posts\/103039\/revisions"}],"wp:featuredmedia":[{"embeddable":true,"href":"https:\/\/www.europesays.com\/pt\/wp-json\/wp\/v2\/media\/103040"}],"wp:attachment":[{"href":"https:\/\/www.europesays.com\/pt\/wp-json\/wp\/v2\/media?parent=103039"}],"wp:term":[{"taxonomy":"category","embeddable":true,"href":"https:\/\/www.europesays.com\/pt\/wp-json\/wp\/v2\/categories?post=103039"},{"taxonomy":"post_tag","embeddable":true,"href":"https:\/\/www.europesays.com\/pt\/wp-json\/wp\/v2\/tags?post=103039"}],"curies":[{"name":"wp","href":"https:\/\/api.w.org\/{rel}","templated":true}]}}