{"id":103051,"date":"2025-10-09T05:10:09","date_gmt":"2025-10-09T05:10:09","guid":{"rendered":"https:\/\/www.europesays.com\/pt\/103051\/"},"modified":"2025-10-09T05:10:09","modified_gmt":"2025-10-09T05:10:09","slug":"cristina-ferreira-aponta-sobre-liliana-acho-muito-feio-que-se-digam-coisas-ainda-mais-feias-do-que-aquilo-que-ela-fez-tvi","status":"publish","type":"post","link":"https:\/\/www.europesays.com\/pt\/103051\/","title":{"rendered":"Cristina Ferreira aponta sobre Liliana: \u00abAcho muito feio que se digam coisas ainda mais feias do que aquilo que ela fez\u00bb &#8211; TVI"},"content":{"rendered":"<ol>\n<li><a href=\"https:\/\/news.google.com\/rss\/articles\/CBMijAJBVV95cUxNTDl6UlROMmRBRElvbWxDSFRidndrOTNPVE95NmFqNExZS2txeUxyTTc2NG1xb2NFQkpfcnJfZVV0czZhV0xiLVNHa1JTYjhiV1Z3Ung0X09od1dwcl9tbGVIWHRoRGZUU1ViT19MQlZkcFZXZEdqekJ0WGt5aHBHTl9fLUtSci1rQWd2Wk4zd3p4blV6QUt6aVNRUWYwS2JxcWZpeElNU1JDSl9YREVnbk5PVUlfYkZXSHNtMFJzNmNTNE1Tc1pVZGZyQU1qanMxZlp5QWtQdzd6SUFSNEV1TW9PU3JLY182Yy1LMDdVNWIwOUtfU1NKdmc1Nk0yMnVvMzFfT1k3NUVPQUYt?oc=5\" target=\"_blank\" rel=\"nofollow noopener\">Cristina Ferreira aponta sobre Liliana: \u00abAcho muito feio que se digam coisas ainda mais feias do que aquilo que ela fez\u00bb<\/a>&nbsp;&nbsp;TVI<\/li>\n<li><a href=\"https:\/\/news.google.com\/rss\/articles\/CBMinAFBVV95cUxNWHdwT2dLbFlmY2NDZ2JOeWFERVVJcGZJY1BRM2xUVEZ6OXBkRHZRcGJCUnpsTjBWVlhMcUpsZ1pGYW8ycEdDQXhyYWxESm1PSUozWHVyNkw3bzlRRm5pbE9PR2hXVlc2VW5hTC1qT0FRa2JwQXJDbUhBbUxuZVA4YjhFcHJUMlZEY0M5ZXdCRVVHc1NUZGhJU0tkVGXSAaIBQVVfeXFMTTZPb0twc2FRVFR4MW9LTDAzRUt1YnRtbDVWZnp5ajcwNUdlcEZvUE1JTW5NdkJRTDVGSzlkakI1cXYxRzlGVTlEYU9rWFpnWWV6X3JUZF9MMGZOdTJSTmhScWw1NFp1bmdyQUZWRFM0b0ZXS3dkMG5GVGhhMVY2bGVnUzR4dWRXWWF4ZXhlVm9Qd2xzV2VNc3lCNkhsOVIxVUJn?oc=5\" target=\"_blank\" rel=\"nofollow noopener\">Ant\u00f3nio Leal e Silva critica atitude de Pedro Jorge: \u201cN\u00e3o \u00e9 de muito bom tom\u2026\u201d<\/a>&nbsp;&nbsp;Hiper Fm<\/li>\n<li><a href=\"https:\/\/news.google.com\/rss\/articles\/CBMi4wFBVV95cUxQdzYtTWxSTzFuWUFKeVJ2Yk42NmU5Y19CY3ZBRWpNaVRzSU95Y2syYlIwV3RZVmNwVVUzNy1GREVoTDl3czJDalRTTi12QjdPbDEwNDR2V0lZRlhDU0otSE9JeHpFRTA1V3Q5RTVsQVZwSXFSdElTdndqZTMzMGZTcEJ1a05zd1hBWW5vb2IyaHNsRmxXdGMyZG9JTGdocmIzcmZpMW5EazRRT1ZOQlJFMzdtbEh0b2lpZFRiMzNhUVZKY1Y2Nlk1WVFKVnppV2N2ak1rZ0hHdHR2ZTdMU1hvalBJRQ?oc=5\" target=\"_blank\" rel=\"nofollow noopener\">Casa dos Segredos: Bronca! Ap\u00f3s acesa discuss\u00e3o, h\u00e1 (mais) uma concorrente a querer desistir: \u201cVou-me embora\u201d<\/a>&nbsp;&nbsp;SAPO<\/li>\n<li><a href=\"https:\/\/news.google.com\/rss\/articles\/CBMiswFBVV95cUxPeFp0MmdxN3pjdnBManRRYld1SHF2QXFUdFZxSnVCSURDT1pBYjAzQVY0MDVBX1h6akVOdF9aeHYzVzFYRXpBYmhsX256RmQzLWFXeHRZQnFtWThNcnd4WnduRzJORlY3b1Nvajd4WFVBcDRQMnpLT29pMko1TGxXNVRHcnl0WVZiSHIwRkxSRzNXY0hXN3Ixd1Nhb0ppenNEUHdibXk3czM3bnAwZmJ4Mnlxaw?oc=5\" target=\"_blank\" rel=\"nofollow noopener\">Marisa emociona-se ap\u00f3s confronto e \u00e9 amparada por colegas<\/a>&nbsp;&nbsp;Not\u00edcias de hoje &#8211; IOL<\/li>\n<li><a href=\"https:\/\/news.google.com\/rss\/articles\/CBMimAFBVV95cUxNWndIOEoxUVZNcElLX1FpaUpmX19Xb2toc0owSWdGeHFiU2NTZjJVLVRxaERnTFhjMjdmaXdmSVh3YUNPZDBPbUpjNGJtcEdBczFYUm5CYmYtdHhBMVZYNWE4WXJ1YXdUUnNoNGg0a2Zqcjhab2FvZ0NlU0ppMGFCWktmUU02N0cwclE1TU9lVm53SEJ3aHpCcQ?oc=5\" target=\"_blank\" rel=\"nofollow noopener\">&#8220;Secret Story&#8221;. Marisa e Pedro Jorge em forte discuss\u00e3o na casa mais vigiada do Pa\u00eds. &#8220;Estamos muito distantes&#8221;<\/a>&nbsp;&nbsp;MAGG<\/li>\n<\/ol>\n","protected":false},"excerpt":{"rendered":"Cristina Ferreira aponta sobre Liliana: \u00abAcho muito feio que se digam coisas ainda mais feias do que aquilo&hellip;\n","protected":false},"author":2,"featured_media":103052,"comment_status":"","ping_status":"","sticky":false,"template":"","format":"standard","meta":{"footnotes":""},"categories":[145],"tags":[211,210,166,114,115,19033,19016,19034,32,33,19032],"class_list":{"0":"post-103051","1":"post","2":"type-post","3":"status-publish","4":"format-standard","5":"has-post-thumbnail","7":"category-celebridades","8":"tag-celebridades","9":"tag-celebrities","10":"tag-cristina-ferreira","11":"tag-entertainment","12":"tag-entretenimento","13":"tag-galas-em-video","14":"tag-liliana","15":"tag-melhores-momentos-casa-dos-segredos","16":"tag-portugal","17":"tag-pt","18":"tag-videos-secret-story-tvi"},"share_on_mastodon":{"url":"","error":""},"_links":{"self":[{"href":"https:\/\/www.europesays.com\/pt\/wp-json\/wp\/v2\/posts\/103051","targetHints":{"allow":["GET"]}}],"collection":[{"href":"https:\/\/www.europesays.com\/pt\/wp-json\/wp\/v2\/posts"}],"about":[{"href":"https:\/\/www.europesays.com\/pt\/wp-json\/wp\/v2\/types\/post"}],"author":[{"embeddable":true,"href":"https:\/\/www.europesays.com\/pt\/wp-json\/wp\/v2\/users\/2"}],"replies":[{"embeddable":true,"href":"https:\/\/www.europesays.com\/pt\/wp-json\/wp\/v2\/comments?post=103051"}],"version-history":[{"count":0,"href":"https:\/\/www.europesays.com\/pt\/wp-json\/wp\/v2\/posts\/103051\/revisions"}],"wp:featuredmedia":[{"embeddable":true,"href":"https:\/\/www.europesays.com\/pt\/wp-json\/wp\/v2\/media\/103052"}],"wp:attachment":[{"href":"https:\/\/www.europesays.com\/pt\/wp-json\/wp\/v2\/media?parent=103051"}],"wp:term":[{"taxonomy":"category","embeddable":true,"href":"https:\/\/www.europesays.com\/pt\/wp-json\/wp\/v2\/categories?post=103051"},{"taxonomy":"post_tag","embeddable":true,"href":"https:\/\/www.europesays.com\/pt\/wp-json\/wp\/v2\/tags?post=103051"}],"curies":[{"name":"wp","href":"https:\/\/api.w.org\/{rel}","templated":true}]}}