{"id":103065,"date":"2025-10-09T05:29:06","date_gmt":"2025-10-09T05:29:06","guid":{"rendered":"https:\/\/www.europesays.com\/pt\/103065\/"},"modified":"2025-10-09T05:29:06","modified_gmt":"2025-10-09T05:29:06","slug":"apresentacao-de-black-alien-no-dragao-do-mar-e-cancelada","status":"publish","type":"post","link":"https:\/\/www.europesays.com\/pt\/103065\/","title":{"rendered":"Apresenta\u00e7\u00e3o de Black Alien no Drag\u00e3o do Mar \u00e9 cancelada"},"content":{"rendered":"<p class=\"texto\">O show do rapper <strong>Black Alien<\/strong>, que aconteceria no pr\u00f3ximo dia 18 de outubro, em Fortaleza, foi <strong>cancelado<\/strong> por &#8220;motivo de for\u00e7a maior&#8221;.<\/p>\n<p class=\"texto\">A apresenta\u00e7\u00e3o faria parte da turn\u00ea comemorativa dos 20 anos do \u00e1lbum<strong> \u201cBabylon By Gus\u201d<\/strong> e estava marcada para acontecer na Pra\u00e7a Verde do Centro Drag\u00e3o do Mar de Arte e Cultura, a partir das 20 horas.<\/p>\n<p class=\"texto\"><strong>Leia Tamb\u00e9m |\u00a0<a href=\"https:\/\/www.opovo.com.br\/vidaearte\/2025\/10\/07\/festival-chorojazz-acontece-em-fortaleza-com-programacao-gratuita.html\" target=\"_self\" rel=\"nofollow noopener\">Festival ChoroJazz acontece em Fortaleza com programa\u00e7\u00e3o gratuita<\/a><\/strong><\/p>\n<p class=\"texto\">O comunicado oficial foi divulgado nesta quarta-feira, 8, nas redes sociais do evento. A produ\u00e7\u00e3o informou que todos os ingressos ser\u00e3o reembolsados integralmente, conforme a forma de pagamento utilizada na compra. Mais detalhes sobre o motivo do cancelamento n\u00e3o foram divulgados at\u00e9 o momento.<\/p>\n<p>Quem \u00e9 Black Alien<\/p>\n<p class=\"texto\">Considerado um dos nomes mais influentes do rap nacional, Gustavo de Almeida Ribeiro, conhecido como Black Alien, iniciou a carreira nos anos 1990 como integrante do lend\u00e1rio grupo <a href=\"https:\/\/www.opovo.com.br\/vidaearte\/agenda\/2025\/06\/17\/planet-hemp-anuncia-fim-da-banda-e-turne-de-despedida-veja-datas.html\" target=\"_self\" rel=\"nofollow noopener\"><strong>Planet Hemp<\/strong><\/a>, ao lado de <strong>Marcelo D2<\/strong> e <strong>BNeg\u00e3o.<\/strong><\/p>\n<p class=\"texto\">Em carreira solo desde o in\u00edcio dos anos 2000, o artista construiu uma trajet\u00f3ria marcada pela originalidade e pelas letras que misturam lirismo, cr\u00edtica social e refer\u00eancias \u00e0 cultura pop.<\/p>\n<p class=\"texto\">O \u00e1lbum<strong> \u201cBabylon By Gus \u2013 O Ano do Macaco\u201d<\/strong>, lan\u00e7ado em 2004, consolidou seu nome como um dos principais letristas do g\u00eanero e se tornou um cl\u00e1ssico da m\u00fasica brasileira contempor\u00e2nea. Em 2019, ele lan\u00e7ou <strong>\u201cAbaixo de Zero: Hello Hell\u201d<\/strong>, projeto que marcou seu retorno ap\u00f3s um per\u00edodo de afastamento dos palcos.<\/p>\n<p>Confira o comunicado completo:\tSobre o assunto \t\t<\/p>\n","protected":false},"excerpt":{"rendered":"O show do rapper Black Alien, que aconteceria no pr\u00f3ximo dia 18 de outubro, em Fortaleza, foi cancelado&hellip;\n","protected":false},"author":2,"featured_media":103066,"comment_status":"","ping_status":"","sticky":false,"template":"","format":"standard","meta":{"footnotes":""},"categories":[140],"tags":[114,115,147,148,146,32,33],"class_list":{"0":"post-103065","1":"post","2":"type-post","3":"status-publish","4":"format-standard","5":"has-post-thumbnail","7":"category-filmes","8":"tag-entertainment","9":"tag-entretenimento","10":"tag-film","11":"tag-filmes","12":"tag-movies","13":"tag-portugal","14":"tag-pt"},"share_on_mastodon":{"url":"","error":""},"_links":{"self":[{"href":"https:\/\/www.europesays.com\/pt\/wp-json\/wp\/v2\/posts\/103065","targetHints":{"allow":["GET"]}}],"collection":[{"href":"https:\/\/www.europesays.com\/pt\/wp-json\/wp\/v2\/posts"}],"about":[{"href":"https:\/\/www.europesays.com\/pt\/wp-json\/wp\/v2\/types\/post"}],"author":[{"embeddable":true,"href":"https:\/\/www.europesays.com\/pt\/wp-json\/wp\/v2\/users\/2"}],"replies":[{"embeddable":true,"href":"https:\/\/www.europesays.com\/pt\/wp-json\/wp\/v2\/comments?post=103065"}],"version-history":[{"count":0,"href":"https:\/\/www.europesays.com\/pt\/wp-json\/wp\/v2\/posts\/103065\/revisions"}],"wp:featuredmedia":[{"embeddable":true,"href":"https:\/\/www.europesays.com\/pt\/wp-json\/wp\/v2\/media\/103066"}],"wp:attachment":[{"href":"https:\/\/www.europesays.com\/pt\/wp-json\/wp\/v2\/media?parent=103065"}],"wp:term":[{"taxonomy":"category","embeddable":true,"href":"https:\/\/www.europesays.com\/pt\/wp-json\/wp\/v2\/categories?post=103065"},{"taxonomy":"post_tag","embeddable":true,"href":"https:\/\/www.europesays.com\/pt\/wp-json\/wp\/v2\/tags?post=103065"}],"curies":[{"name":"wp","href":"https:\/\/api.w.org\/{rel}","templated":true}]}}