{"id":103073,"date":"2025-10-09T05:43:51","date_gmt":"2025-10-09T05:43:51","guid":{"rendered":"https:\/\/www.europesays.com\/pt\/103073\/"},"modified":"2025-10-09T05:43:51","modified_gmt":"2025-10-09T05:43:51","slug":"anaconda-2025-folha-de-alphaville","status":"publish","type":"post","link":"https:\/\/www.europesays.com\/pt\/103073\/","title":{"rendered":"Anaconda &#8211; 2025 &#8211; Folha de Alphaville"},"content":{"rendered":"<p>\n\tSinopse<\/p>\n<p>Um grupo de amigos, em plena crise de meia-idade, decide se aventurar em um projeto ambicioso: refazer o filme favorito de sua juventude. Buscando reviver a nostalgia, eles partem para uma floresta tropical. No entanto, o que deveria ser uma experi\u00eancia divertida rapidamente se transforma em um pesadelo. Al\u00e9m dos desafios naturais do ambiente selvagem, eles se veem cercados por perigos inesperados, incluindo fen\u00f4menos clim\u00e1ticos extremos, criminosos violentos e a amea\u00e7a mortal de cobras gigantescas. Conforme enfrentam situa\u00e7\u00f5es cada vez mais ca\u00f3ticas, os amigos percebem que a jornada \u00e9 muito mais do que apenas um reencontro com o passado \u2014 \u00e9 uma verdadeira luta pela sobreviv\u00eancia. Misturando aventura, a\u00e7\u00e3o e uma dose de humor, Anaconda traz uma nova abordagem para a ic\u00f4nica franquia iniciada em 1997, explorando os limites da amizade e a coragem necess\u00e1ria para encarar o desconhecido.<\/p>\n<p>*Informa\u00e7\u00f5es de AdoroCinema<\/p>\n<p>\n\tCr\u00e9dito e distribui\u00e7\u00e3o<\/p>\n<tr>\n<td>Elenco:<\/td>\n<td>\n<p>Paul<br \/>\nRudd, Jack Black, Daniela Melchior, Selton Mello<\/td>\n<\/tr>\n<tr>\n<td>Dire\u00e7\u00e3o:<\/td>\n<td>\n<p>Tom<br \/>\nGormican <\/td>\n<\/tr>\n<tr>\n<td>Roteiro:<\/td>\n<td>\n<p>Kevin<br \/>\nEtten, Tom Gormican<\/td>\n<\/tr>\n<tr>\n<td>Produ\u00e7\u00e3o:<\/td>\n<td>&#8211;<\/td>\n<\/tr>\n<p class=\"veja-mais-noticias\"> Veja mais not\u00edcias sobre <a href=\"https:\/\/www.folhadealphaville.com.br\/cinema\" rel=\"nofollow noopener\" target=\"_blank\">Cinema<\/a>.<\/p>\n","protected":false},"excerpt":{"rendered":"Sinopse Um grupo de amigos, em plena crise de meia-idade, decide se aventurar em um projeto ambicioso: refazer&hellip;\n","protected":false},"author":2,"featured_media":103074,"comment_status":"","ping_status":"","sticky":false,"template":"","format":"standard","meta":{"footnotes":""},"categories":[140],"tags":[470,114,115,147,148,146,32,33],"class_list":{"0":"post-103073","1":"post","2":"type-post","3":"status-publish","4":"format-standard","5":"has-post-thumbnail","7":"category-filmes","8":"tag-cinema","9":"tag-entertainment","10":"tag-entretenimento","11":"tag-film","12":"tag-filmes","13":"tag-movies","14":"tag-portugal","15":"tag-pt"},"share_on_mastodon":{"url":"","error":""},"_links":{"self":[{"href":"https:\/\/www.europesays.com\/pt\/wp-json\/wp\/v2\/posts\/103073","targetHints":{"allow":["GET"]}}],"collection":[{"href":"https:\/\/www.europesays.com\/pt\/wp-json\/wp\/v2\/posts"}],"about":[{"href":"https:\/\/www.europesays.com\/pt\/wp-json\/wp\/v2\/types\/post"}],"author":[{"embeddable":true,"href":"https:\/\/www.europesays.com\/pt\/wp-json\/wp\/v2\/users\/2"}],"replies":[{"embeddable":true,"href":"https:\/\/www.europesays.com\/pt\/wp-json\/wp\/v2\/comments?post=103073"}],"version-history":[{"count":0,"href":"https:\/\/www.europesays.com\/pt\/wp-json\/wp\/v2\/posts\/103073\/revisions"}],"wp:featuredmedia":[{"embeddable":true,"href":"https:\/\/www.europesays.com\/pt\/wp-json\/wp\/v2\/media\/103074"}],"wp:attachment":[{"href":"https:\/\/www.europesays.com\/pt\/wp-json\/wp\/v2\/media?parent=103073"}],"wp:term":[{"taxonomy":"category","embeddable":true,"href":"https:\/\/www.europesays.com\/pt\/wp-json\/wp\/v2\/categories?post=103073"},{"taxonomy":"post_tag","embeddable":true,"href":"https:\/\/www.europesays.com\/pt\/wp-json\/wp\/v2\/tags?post=103073"}],"curies":[{"name":"wp","href":"https:\/\/api.w.org\/{rel}","templated":true}]}}